{"id":13690,"date":"2019-10-16T15:41:59","date_gmt":"2019-10-16T13:41:59","guid":{"rendered":"https:\/\/miroir-iv.mis-amigos-los-arboles.org\/signature-dun-accord-cadre-avec-luniversite-nationale-ouverte-et-a-distance-unad\/"},"modified":"2023-02-07T14:56:15","modified_gmt":"2023-02-07T13:56:15","slug":"signature-dun-accord-cadre-avec-luniversite-nationale-ouverte-et-a-distance-unad","status":"publish","type":"post","link":"https:\/\/miroir-iv.mis-amigos-los-arboles.org\/fr\/signature-dun-accord-cadre-avec-luniversite-nationale-ouverte-et-a-distance-unad\/","title":{"rendered":"Signature d\u2019un accord-cadre avec l\u2019Universit\u00e9 Nationale Ouverte et \u00e0 Distance (UNAD)"},"content":{"rendered":"<div class=\"wpb-content-wrapper\"><p>[vc_row gap=\u00a0\u00bb35&Prime; bg_type=\u00a0\u00bbbg_color\u00a0\u00bb bg_override=\u00a0\u00bbex-full\u00a0\u00bb bg_color_value=\u00a0\u00bb#056e04&Prime;][vc_column][vc_empty_space height=\u00a0\u00bb15px\u00a0\u00bb]<style type=\"text\/css\" data-type=\"the7_shortcodes-inline-css\">#default-btn-a3ca86d571f443682280bd132a59883b {\n  font-size: 14px;\n  line-height: 16px;\n  padding: 4px 0px 4px 0px;\n}\n#default-btn-a3ca86d571f443682280bd132a59883b.ico-right-side > i {\n  margin-right: 0px;\n  margin-left: 8px;\n}\n#default-btn-a3ca86d571f443682280bd132a59883b:after {\n  height: 2px;\n  background: #ffffff !important;\n}\n#default-btn-a3ca86d571f443682280bd132a59883b > i {\n  margin-right: 8px;\n  font-size: 11px;\n}\n#default-btn-a3ca86d571f443682280bd132a59883b:not(:hover),\n#default-btn-a3ca86d571f443682280bd132a59883b.link-hover-off:hover {\n  color: #ffffff;\n  background: none;\n}\n#default-btn-a3ca86d571f443682280bd132a59883b:not(:hover) *,\n#default-btn-a3ca86d571f443682280bd132a59883b.link-hover-off:hover * {\n  color: #ffffff;\n  background: none;\n}\n#default-btn-a3ca86d571f443682280bd132a59883b:not(.link-hover-off):hover {\n  color: #ffffff;\n  background: none;\n}\n#default-btn-a3ca86d571f443682280bd132a59883b:not(.link-hover-off):hover * {\n  color: #ffffff;\n  background: none;\n}\n#default-btn-a3ca86d571f443682280bd132a59883b.ico-right-side > i {\n  margin-right: 0px;\n  margin-left: 8px;\n}\n#default-btn-a3ca86d571f443682280bd132a59883b > i {\n  margin-right: 8px;\n}\n<\/style><div class=\"btn-align-center\"><a href=\"https:\/\/miroir-iv.mis-amigos-los-arboles.org\/fr\/actualites\/\" class=\"default-btn-shortcode dt-btn-link upwards-line \" id=\"default-btn-a3ca86d571f443682280bd132a59883b\" title=\"Ver todas las noticias\"><i class=\"dt-icon-the7-misc-099\"><\/i><span>Voir toutes les actualit\u00e9s<\/span><\/a><\/div>[\/vc_column][\/vc_row][vc_row gap=\u00a0\u00bb3&Prime;][vc_column][vc_single_image image=\u00a0\u00bb11754&Prime; img_size=\u00a0\u00bblarge\u00a0\u00bb alignment=\u00a0\u00bbcenter\u00a0\u00bb image_hovers=\u00a0\u00bbfalse\u00a0\u00bb][vc_empty_space height=\u00a0\u00bb30px\u00a0\u00bb][vc_column_text]<\/p>\n<h2 style=\"text-align: center;\"><span style=\"color: #008000;\">Signature d\u2019un accord-cadre avec l\u2019Universit\u00e9 Nationale Ouverte et \u00e0 Distance (UNAD)<\/span><\/h2>\n<p>[\/vc_column_text][vc_empty_space height=\u00a0\u00bb30px\u00a0\u00bb][\/vc_column][\/vc_row][vc_row gap=\u00a0\u00bb35&Prime; content_placement=\u00a0\u00bbtop\u00a0\u00bb][vc_column][vc_column_text]<\/p>\n<p style=\"text-align: justify;\">La Fondation Impuslo Verde Colombia et l\u2019Universit\u00e9 Nationale Ouverte et \u00e0 Distance (UNAD) ont sign\u00e9 un accord-cadre de coop\u00e9ration interinstitutionnelle dans le but de d\u00e9velopper des actions acad\u00e9miques, de recherche et de d\u00e9veloppement rural. Cet accord renforcera les actions de soutien aux syst\u00e8mes durables, aux syst\u00e8mes sylvopastoraux, au reboisement, \u00e0 l\u2019agroforesterie communautaire, \u00e0 la restauration et au d\u00e9veloppement humain sur l\u2019ensemble du territoire national, \u00e0 commencer par des projets dans le d\u00e9partement de Nari\u00f1o.<\/p>\n<p>[\/vc_column_text][vc_empty_space height=\u00a0\u00bb25&Prime;]<div class=\"wf-container dt-gallery-container dt-photos-shortcode loading-effect-none iso-grid jg-container description-on-hover hover-style-two hover-fade content-align-centre\" data-padding=\"20px\" data-cur-page=\"1\" data-target-height=\"240px\"><div class=\"wf-cell\" data-post-id=\"12943\" data-date=\"2023-01-27T17:58:37+01:00\" data-name=\"groupe_01-02\">\n<article class=\"post post-12943 attachment type-attachment status-inherit hentry no-img description-off\">\n\n\t<figure class=\"rollover-project links-hovers-disabled\">\n\t<a href=\"https:\/\/miroir-iv.mis-amigos-los-arboles.org\/wp-content\/uploads\/2019\/10\/groupe_01-02.jpg\" class=\"rollover rollover-zoom dt-pswp-item layzr-bg\" title=\"groupe_01-02\" data-dt-img-description=\"\"  data-large_image_width=\"1280\" data-large_image_height = \"851\" ><img fetchpriority=\"high\" decoding=\"async\" class=\"preload-me jgrid-lazy-load aspect\" src=\"data:image\/svg+xml,%3Csvg%20xmlns%3D&#39;http%3A%2F%2Fwww.w3.org%2F2000%2Fsvg&#39;%20viewBox%3D&#39;0%200%20469%20312&#39;%2F%3E\" data-src=\"https:\/\/miroir-iv.mis-amigos-los-arboles.org\/wp-content\/uploads\/2019\/10\/groupe_01-02-469x312.jpg\" data-srcset=\"https:\/\/miroir-iv.mis-amigos-los-arboles.org\/wp-content\/uploads\/2019\/10\/groupe_01-02-469x312.jpg 469w, https:\/\/miroir-iv.mis-amigos-los-arboles.org\/wp-content\/uploads\/2019\/10\/groupe_01-02-938x624.jpg 938w\" loading=\"eager\" style=\"--ratio: 469 \/ 312\" sizes=\"(max-width: 469px) 100vw, 469px\" alt=\"\" width=\"469\" height=\"312\"  \/><\/a>\t<\/figure>\n<\/article>\n\n<\/div><div class=\"wf-cell\" data-post-id=\"12949\" data-date=\"2023-01-27T17:58:39+01:00\" data-name=\"signature-02\">\n<article class=\"post post-12949 attachment type-attachment status-inherit hentry no-img description-off\">\n\n\t<figure class=\"rollover-project links-hovers-disabled\">\n\t<a href=\"https:\/\/miroir-iv.mis-amigos-los-arboles.org\/wp-content\/uploads\/2019\/10\/signature-02.jpg\" class=\"rollover rollover-zoom dt-pswp-item layzr-bg\" title=\"signature-02\" data-dt-img-description=\"\"  data-large_image_width=\"1280\" data-large_image_height = \"851\" ><img decoding=\"async\" class=\"preload-me jgrid-lazy-load aspect\" src=\"data:image\/svg+xml,%3Csvg%20xmlns%3D&#39;http%3A%2F%2Fwww.w3.org%2F2000%2Fsvg&#39;%20viewBox%3D&#39;0%200%20469%20312&#39;%2F%3E\" data-src=\"https:\/\/miroir-iv.mis-amigos-los-arboles.org\/wp-content\/uploads\/2019\/10\/signature-02-469x312.jpg\" data-srcset=\"https:\/\/miroir-iv.mis-amigos-los-arboles.org\/wp-content\/uploads\/2019\/10\/signature-02-469x312.jpg 469w, https:\/\/miroir-iv.mis-amigos-los-arboles.org\/wp-content\/uploads\/2019\/10\/signature-02-938x624.jpg 938w\" loading=\"eager\" style=\"--ratio: 469 \/ 312\" sizes=\"(max-width: 469px) 100vw, 469px\" alt=\"\" width=\"469\" height=\"312\"  \/><\/a>\t<\/figure>\n<\/article>\n\n<\/div><div class=\"wf-cell\" data-post-id=\"12946\" data-date=\"2023-01-27T17:58:38+01:00\" data-name=\"groupe_unad_impulso_verde\">\n<article class=\"post post-12946 attachment type-attachment status-inherit hentry no-img description-off\">\n\n\t<figure class=\"rollover-project links-hovers-disabled\">\n\t<a href=\"https:\/\/miroir-iv.mis-amigos-los-arboles.org\/wp-content\/uploads\/2019\/10\/groupe_unad_impulso_verde.jpg\" class=\"rollover rollover-zoom dt-pswp-item layzr-bg\" title=\"groupe_unad_impulso_verde\" data-dt-img-description=\"\"  data-large_image_width=\"1024\" data-large_image_height = \"768\" ><img decoding=\"async\" class=\"preload-me jgrid-lazy-load aspect\" src=\"data:image\/svg+xml,%3Csvg%20xmlns%3D&#39;http%3A%2F%2Fwww.w3.org%2F2000%2Fsvg&#39;%20viewBox%3D&#39;0%200%20416%20312&#39;%2F%3E\" data-src=\"https:\/\/miroir-iv.mis-amigos-los-arboles.org\/wp-content\/uploads\/2019\/10\/groupe_unad_impulso_verde-416x312.jpg\" data-srcset=\"https:\/\/miroir-iv.mis-amigos-los-arboles.org\/wp-content\/uploads\/2019\/10\/groupe_unad_impulso_verde-416x312.jpg 416w, https:\/\/miroir-iv.mis-amigos-los-arboles.org\/wp-content\/uploads\/2019\/10\/groupe_unad_impulso_verde-832x624.jpg 832w\" loading=\"eager\" style=\"--ratio: 416 \/ 312\" sizes=\"(max-width: 416px) 100vw, 416px\" alt=\"\" width=\"416\" height=\"312\"  \/><\/a>\t<\/figure>\n<\/article>\n\n<\/div><div class=\"wf-cell\" data-post-id=\"12940\" data-date=\"2023-01-27T17:58:36+01:00\" data-name=\"antoine_y_ombre-02\">\n<article class=\"post post-12940 attachment type-attachment status-inherit hentry no-img description-off\">\n\n\t<figure class=\"rollover-project links-hovers-disabled\">\n\t<a href=\"https:\/\/miroir-iv.mis-amigos-los-arboles.org\/wp-content\/uploads\/2019\/10\/antoine_y_ombre-02.jpg\" class=\"rollover rollover-zoom dt-pswp-item layzr-bg\" title=\"antoine_y_ombre-02\" data-dt-img-description=\"\"  data-large_image_width=\"1280\" data-large_image_height = \"851\" ><img decoding=\"async\" class=\"preload-me jgrid-lazy-load aspect\" src=\"data:image\/svg+xml,%3Csvg%20xmlns%3D&#39;http%3A%2F%2Fwww.w3.org%2F2000%2Fsvg&#39;%20viewBox%3D&#39;0%200%20469%20312&#39;%2F%3E\" data-src=\"https:\/\/miroir-iv.mis-amigos-los-arboles.org\/wp-content\/uploads\/2019\/10\/antoine_y_ombre-02-469x312.jpg\" data-srcset=\"https:\/\/miroir-iv.mis-amigos-los-arboles.org\/wp-content\/uploads\/2019\/10\/antoine_y_ombre-02-469x312.jpg 469w, https:\/\/miroir-iv.mis-amigos-los-arboles.org\/wp-content\/uploads\/2019\/10\/antoine_y_ombre-02-938x624.jpg 938w\" loading=\"eager\" style=\"--ratio: 469 \/ 312\" sizes=\"(max-width: 469px) 100vw, 469px\" alt=\"\" width=\"469\" height=\"312\"  \/><\/a>\t<\/figure>\n<\/article>\n\n<\/div><\/div>[vc_column_text]<\/p>\n<h6 style=\"text-align: justify;\"><em>Photo de gauche : Alicia Silva, Directrice du Centre Communautaire d\u2019Attention Virtuelle de Pasto (UNAD), Antoine G\u00e9rign\u00e9 Pr\u00e9sident de la Fundaci\u00f3n Impulso Verde Kuaspue et Diego Chamorro V. Professeur \u00e0 l\u2019\u00c9cole des Sciences Agricoles Animales et de l\u2019Environnement de Pasto (UNAD)<\/em><em>.<\/em><\/h6>\n<p>[\/vc_column_text][\/vc_column][\/vc_row]<\/p>\n<\/div>","protected":false},"excerpt":{"rendered":"<p>[vc_row gap=\u00a0\u00bb35&Prime; bg_type=\u00a0\u00bbbg_color\u00a0\u00bb bg_override=\u00a0\u00bbex-full\u00a0\u00bb bg_color_value=\u00a0\u00bb#056e04&Prime;][vc_column][vc_empty_space height=\u00a0\u00bb15px\u00a0\u00bb][\/vc_column][\/vc_row][vc_row gap=\u00a0\u00bb3&Prime;][vc_column][vc_single_image image=\u00a0\u00bb11754&Prime; img_size=\u00a0\u00bblarge\u00a0\u00bb alignment=\u00a0\u00bbcenter\u00a0\u00bb image_hovers=\u00a0\u00bbfalse\u00a0\u00bb][vc_empty_space height=\u00a0\u00bb30px\u00a0\u00bb][vc_column_text] Signature d\u2019un accord-cadre avec l\u2019Universit\u00e9 Nationale Ouverte et \u00e0 Distance (UNAD) [\/vc_column_text][vc_empty_space height=\u00a0\u00bb30px\u00a0\u00bb][\/vc_column][\/vc_row][vc_row gap=\u00a0\u00bb35&Prime; content_placement=\u00a0\u00bbtop\u00a0\u00bb][vc_column][vc_column_text] La Fondation Impuslo Verde Colombia et l\u2019Universit\u00e9 Nationale Ouverte et \u00e0 Distance (UNAD) ont sign\u00e9 un accord-cadre de coop\u00e9ration interinstitutionnelle dans le but de d\u00e9velopper des actions acad\u00e9miques,&hellip;<\/p>\n","protected":false},"author":1,"featured_media":12946,"comment_status":"closed","ping_status":"closed","sticky":false,"template":"","format":"standard","meta":{"footnotes":""},"categories":[56],"tags":[],"class_list":["post-13690","post","type-post","status-publish","format-standard","has-post-thumbnail","hentry","category-ressources","category-56","description-off"],"yoast_head":"<!-- This site is optimized with the Yoast SEO plugin v27.5 - https:\/\/yoast.com\/product\/yoast-seo-wordpress\/ -->\n<title>Signature d\u2019un accord-cadre avec l\u2019Universit\u00e9 Nationale Ouverte et \u00e0 Distance (UNAD) - Impulsoverde.org - Miroir IV<\/title>\n<meta name=\"description\" content=\"La Fondation Impuslo Verde Colombia et l\u2019Universit\u00e9 Nationale Ouverte et \u00e0 Distance (UNAD) ont sign\u00e9 un accord-cadre de coop\u00e9ration interinstitutionnelle dans le but de d\u00e9velopper des actions acad\u00e9miques, de recherche et de d\u00e9veloppement rural.\" \/>\n<meta name=\"robots\" content=\"noindex, follow, max-snippet:-1, max-image-preview:large, max-video-preview:-1\" \/>\n<meta property=\"og:locale\" content=\"fr_FR\" \/>\n<meta property=\"og:type\" content=\"article\" \/>\n<meta property=\"og:title\" content=\"Signature d\u2019un accord-cadre avec l\u2019Universit\u00e9 Nationale Ouverte et \u00e0 Distance (UNAD) - Impulsoverde.org - Miroir IV\" \/>\n<meta property=\"og:description\" content=\"La Fondation Impuslo Verde Colombia et l\u2019Universit\u00e9 Nationale Ouverte et \u00e0 Distance (UNAD) ont sign\u00e9 un accord-cadre de coop\u00e9ration interinstitutionnelle dans le but de d\u00e9velopper des actions acad\u00e9miques, de recherche et de d\u00e9veloppement rural.\" \/>\n<meta property=\"og:url\" content=\"https:\/\/miroir-iv.mis-amigos-los-arboles.org\/fr\/signature-dun-accord-cadre-avec-luniversite-nationale-ouverte-et-a-distance-unad\/\" \/>\n<meta property=\"og:site_name\" content=\"Impulsoverde.org - Miroir IV\" \/>\n<meta property=\"article:published_time\" content=\"2019-10-16T13:41:59+00:00\" \/>\n<meta property=\"article:modified_time\" content=\"2023-02-07T13:56:15+00:00\" \/>\n<meta property=\"og:image\" content=\"https:\/\/miroir-iv.mis-amigos-los-arboles.org\/wp-content\/uploads\/2019\/10\/groupe_unad_impulso_verde.jpg\" \/>\n\t<meta property=\"og:image:width\" content=\"1024\" \/>\n\t<meta property=\"og:image:height\" content=\"768\" \/>\n\t<meta property=\"og:image:type\" content=\"image\/jpeg\" \/>\n<meta name=\"author\" content=\"M@ster_1mpuls10n_glac3-0o7\" \/>\n<meta name=\"twitter:card\" content=\"summary_large_image\" \/>\n<meta name=\"twitter:label1\" content=\"\u00c9crit par\" \/>\n\t<meta name=\"twitter:data1\" content=\"M@ster_1mpuls10n_glac3-0o7\" \/>\n\t<meta name=\"twitter:label2\" content=\"Dur\u00e9e de lecture estim\u00e9e\" \/>\n\t<meta name=\"twitter:data2\" content=\"1 minute\" \/>\n<script type=\"application\/ld+json\" class=\"yoast-schema-graph\">{\"@context\":\"https:\\\/\\\/schema.org\",\"@graph\":[{\"@type\":\"Article\",\"@id\":\"https:\\\/\\\/miroir-iv.mis-amigos-los-arboles.org\\\/fr\\\/signature-dun-accord-cadre-avec-luniversite-nationale-ouverte-et-a-distance-unad\\\/#article\",\"isPartOf\":{\"@id\":\"https:\\\/\\\/miroir-iv.mis-amigos-los-arboles.org\\\/fr\\\/signature-dun-accord-cadre-avec-luniversite-nationale-ouverte-et-a-distance-unad\\\/\"},\"author\":{\"name\":\"M@ster_1mpuls10n_glac3-0o7\",\"@id\":\"https:\\\/\\\/miroir-iv.mis-amigos-los-arboles.org\\\/#\\\/schema\\\/person\\\/72f82eb703c4fc2c21440d093fd820dd\"},\"headline\":\"Signature d\u2019un accord-cadre avec l\u2019Universit\u00e9 Nationale Ouverte et \u00e0 Distance (UNAD)\",\"datePublished\":\"2019-10-16T13:41:59+00:00\",\"dateModified\":\"2023-02-07T13:56:15+00:00\",\"mainEntityOfPage\":{\"@id\":\"https:\\\/\\\/miroir-iv.mis-amigos-los-arboles.org\\\/fr\\\/signature-dun-accord-cadre-avec-luniversite-nationale-ouverte-et-a-distance-unad\\\/\"},\"wordCount\":309,\"image\":{\"@id\":\"https:\\\/\\\/miroir-iv.mis-amigos-los-arboles.org\\\/fr\\\/signature-dun-accord-cadre-avec-luniversite-nationale-ouverte-et-a-distance-unad\\\/#primaryimage\"},\"thumbnailUrl\":\"https:\\\/\\\/miroir-iv.mis-amigos-los-arboles.org\\\/wp-content\\\/uploads\\\/2019\\\/10\\\/groupe_unad_impulso_verde.jpg\",\"articleSection\":[\"Ressources\"],\"inLanguage\":\"fr-FR\"},{\"@type\":\"WebPage\",\"@id\":\"https:\\\/\\\/miroir-iv.mis-amigos-los-arboles.org\\\/fr\\\/signature-dun-accord-cadre-avec-luniversite-nationale-ouverte-et-a-distance-unad\\\/\",\"url\":\"https:\\\/\\\/miroir-iv.mis-amigos-los-arboles.org\\\/fr\\\/signature-dun-accord-cadre-avec-luniversite-nationale-ouverte-et-a-distance-unad\\\/\",\"name\":\"Signature d\u2019un accord-cadre avec l\u2019Universit\u00e9 Nationale Ouverte et \u00e0 Distance (UNAD) - Impulsoverde.org - Miroir IV\",\"isPartOf\":{\"@id\":\"https:\\\/\\\/miroir-iv.mis-amigos-los-arboles.org\\\/#website\"},\"primaryImageOfPage\":{\"@id\":\"https:\\\/\\\/miroir-iv.mis-amigos-los-arboles.org\\\/fr\\\/signature-dun-accord-cadre-avec-luniversite-nationale-ouverte-et-a-distance-unad\\\/#primaryimage\"},\"image\":{\"@id\":\"https:\\\/\\\/miroir-iv.mis-amigos-los-arboles.org\\\/fr\\\/signature-dun-accord-cadre-avec-luniversite-nationale-ouverte-et-a-distance-unad\\\/#primaryimage\"},\"thumbnailUrl\":\"https:\\\/\\\/miroir-iv.mis-amigos-los-arboles.org\\\/wp-content\\\/uploads\\\/2019\\\/10\\\/groupe_unad_impulso_verde.jpg\",\"datePublished\":\"2019-10-16T13:41:59+00:00\",\"dateModified\":\"2023-02-07T13:56:15+00:00\",\"author\":{\"@id\":\"https:\\\/\\\/miroir-iv.mis-amigos-los-arboles.org\\\/#\\\/schema\\\/person\\\/72f82eb703c4fc2c21440d093fd820dd\"},\"description\":\"La Fondation Impuslo Verde Colombia et l\u2019Universit\u00e9 Nationale Ouverte et \u00e0 Distance (UNAD) ont sign\u00e9 un accord-cadre de coop\u00e9ration interinstitutionnelle dans le but de d\u00e9velopper des actions acad\u00e9miques, de recherche et de d\u00e9veloppement rural.\",\"breadcrumb\":{\"@id\":\"https:\\\/\\\/miroir-iv.mis-amigos-los-arboles.org\\\/fr\\\/signature-dun-accord-cadre-avec-luniversite-nationale-ouverte-et-a-distance-unad\\\/#breadcrumb\"},\"inLanguage\":\"fr-FR\",\"potentialAction\":[{\"@type\":\"ReadAction\",\"target\":[\"https:\\\/\\\/miroir-iv.mis-amigos-los-arboles.org\\\/fr\\\/signature-dun-accord-cadre-avec-luniversite-nationale-ouverte-et-a-distance-unad\\\/\"]}]},{\"@type\":\"ImageObject\",\"inLanguage\":\"fr-FR\",\"@id\":\"https:\\\/\\\/miroir-iv.mis-amigos-los-arboles.org\\\/fr\\\/signature-dun-accord-cadre-avec-luniversite-nationale-ouverte-et-a-distance-unad\\\/#primaryimage\",\"url\":\"https:\\\/\\\/miroir-iv.mis-amigos-los-arboles.org\\\/wp-content\\\/uploads\\\/2019\\\/10\\\/groupe_unad_impulso_verde.jpg\",\"contentUrl\":\"https:\\\/\\\/miroir-iv.mis-amigos-los-arboles.org\\\/wp-content\\\/uploads\\\/2019\\\/10\\\/groupe_unad_impulso_verde.jpg\",\"width\":1024,\"height\":768},{\"@type\":\"BreadcrumbList\",\"@id\":\"https:\\\/\\\/miroir-iv.mis-amigos-los-arboles.org\\\/fr\\\/signature-dun-accord-cadre-avec-luniversite-nationale-ouverte-et-a-distance-unad\\\/#breadcrumb\",\"itemListElement\":[{\"@type\":\"ListItem\",\"position\":1,\"name\":\"Portada\",\"item\":\"https:\\\/\\\/miroir-iv.mis-amigos-los-arboles.org\\\/fr\\\/la-fondation\\\/\"},{\"@type\":\"ListItem\",\"position\":2,\"name\":\"Signature d\u2019un accord-cadre avec l\u2019Universit\u00e9 Nationale Ouverte et \u00e0 Distance (UNAD)\"}]},{\"@type\":\"WebSite\",\"@id\":\"https:\\\/\\\/miroir-iv.mis-amigos-los-arboles.org\\\/#website\",\"url\":\"https:\\\/\\\/miroir-iv.mis-amigos-los-arboles.org\\\/\",\"name\":\"Impulsoverde.org - Miroir IV\",\"description\":\"Site miroir -Impulsoverde.org \",\"potentialAction\":[{\"@type\":\"SearchAction\",\"target\":{\"@type\":\"EntryPoint\",\"urlTemplate\":\"https:\\\/\\\/miroir-iv.mis-amigos-los-arboles.org\\\/?s={search_term_string}\"},\"query-input\":{\"@type\":\"PropertyValueSpecification\",\"valueRequired\":true,\"valueName\":\"search_term_string\"}}],\"inLanguage\":\"fr-FR\"},{\"@type\":\"Person\",\"@id\":\"https:\\\/\\\/miroir-iv.mis-amigos-los-arboles.org\\\/#\\\/schema\\\/person\\\/72f82eb703c4fc2c21440d093fd820dd\",\"name\":\"M@ster_1mpuls10n_glac3-0o7\",\"sameAs\":[\"https:\\\/\\\/miroir-iv.mis-amigos-los-arboles.org\"],\"url\":\"https:\\\/\\\/miroir-iv.mis-amigos-los-arboles.org\\\/fr\\\/author\\\/mster_1mpuls10n_glac3-0o7\\\/\"}]}<\/script>\n<!-- \/ Yoast SEO plugin. -->","yoast_head_json":{"title":"Signature d\u2019un accord-cadre avec l\u2019Universit\u00e9 Nationale Ouverte et \u00e0 Distance (UNAD) - Impulsoverde.org - Miroir IV","description":"La Fondation Impuslo Verde Colombia et l\u2019Universit\u00e9 Nationale Ouverte et \u00e0 Distance (UNAD) ont sign\u00e9 un accord-cadre de coop\u00e9ration interinstitutionnelle dans le but de d\u00e9velopper des actions acad\u00e9miques, de recherche et de d\u00e9veloppement rural.","robots":{"index":"noindex","follow":"follow","max-snippet":"max-snippet:-1","max-image-preview":"max-image-preview:large","max-video-preview":"max-video-preview:-1"},"og_locale":"fr_FR","og_type":"article","og_title":"Signature d\u2019un accord-cadre avec l\u2019Universit\u00e9 Nationale Ouverte et \u00e0 Distance (UNAD) - Impulsoverde.org - Miroir IV","og_description":"La Fondation Impuslo Verde Colombia et l\u2019Universit\u00e9 Nationale Ouverte et \u00e0 Distance (UNAD) ont sign\u00e9 un accord-cadre de coop\u00e9ration interinstitutionnelle dans le but de d\u00e9velopper des actions acad\u00e9miques, de recherche et de d\u00e9veloppement rural.","og_url":"https:\/\/miroir-iv.mis-amigos-los-arboles.org\/fr\/signature-dun-accord-cadre-avec-luniversite-nationale-ouverte-et-a-distance-unad\/","og_site_name":"Impulsoverde.org - Miroir IV","article_published_time":"2019-10-16T13:41:59+00:00","article_modified_time":"2023-02-07T13:56:15+00:00","og_image":[{"width":1024,"height":768,"url":"https:\/\/miroir-iv.mis-amigos-los-arboles.org\/wp-content\/uploads\/2019\/10\/groupe_unad_impulso_verde.jpg","type":"image\/jpeg"}],"author":"M@ster_1mpuls10n_glac3-0o7","twitter_card":"summary_large_image","twitter_misc":{"\u00c9crit par":"M@ster_1mpuls10n_glac3-0o7","Dur\u00e9e de lecture estim\u00e9e":"1 minute"},"schema":{"@context":"https:\/\/schema.org","@graph":[{"@type":"Article","@id":"https:\/\/miroir-iv.mis-amigos-los-arboles.org\/fr\/signature-dun-accord-cadre-avec-luniversite-nationale-ouverte-et-a-distance-unad\/#article","isPartOf":{"@id":"https:\/\/miroir-iv.mis-amigos-los-arboles.org\/fr\/signature-dun-accord-cadre-avec-luniversite-nationale-ouverte-et-a-distance-unad\/"},"author":{"name":"M@ster_1mpuls10n_glac3-0o7","@id":"https:\/\/miroir-iv.mis-amigos-los-arboles.org\/#\/schema\/person\/72f82eb703c4fc2c21440d093fd820dd"},"headline":"Signature d\u2019un accord-cadre avec l\u2019Universit\u00e9 Nationale Ouverte et \u00e0 Distance (UNAD)","datePublished":"2019-10-16T13:41:59+00:00","dateModified":"2023-02-07T13:56:15+00:00","mainEntityOfPage":{"@id":"https:\/\/miroir-iv.mis-amigos-los-arboles.org\/fr\/signature-dun-accord-cadre-avec-luniversite-nationale-ouverte-et-a-distance-unad\/"},"wordCount":309,"image":{"@id":"https:\/\/miroir-iv.mis-amigos-los-arboles.org\/fr\/signature-dun-accord-cadre-avec-luniversite-nationale-ouverte-et-a-distance-unad\/#primaryimage"},"thumbnailUrl":"https:\/\/miroir-iv.mis-amigos-los-arboles.org\/wp-content\/uploads\/2019\/10\/groupe_unad_impulso_verde.jpg","articleSection":["Ressources"],"inLanguage":"fr-FR"},{"@type":"WebPage","@id":"https:\/\/miroir-iv.mis-amigos-los-arboles.org\/fr\/signature-dun-accord-cadre-avec-luniversite-nationale-ouverte-et-a-distance-unad\/","url":"https:\/\/miroir-iv.mis-amigos-los-arboles.org\/fr\/signature-dun-accord-cadre-avec-luniversite-nationale-ouverte-et-a-distance-unad\/","name":"Signature d\u2019un accord-cadre avec l\u2019Universit\u00e9 Nationale Ouverte et \u00e0 Distance (UNAD) - Impulsoverde.org - Miroir IV","isPartOf":{"@id":"https:\/\/miroir-iv.mis-amigos-los-arboles.org\/#website"},"primaryImageOfPage":{"@id":"https:\/\/miroir-iv.mis-amigos-los-arboles.org\/fr\/signature-dun-accord-cadre-avec-luniversite-nationale-ouverte-et-a-distance-unad\/#primaryimage"},"image":{"@id":"https:\/\/miroir-iv.mis-amigos-los-arboles.org\/fr\/signature-dun-accord-cadre-avec-luniversite-nationale-ouverte-et-a-distance-unad\/#primaryimage"},"thumbnailUrl":"https:\/\/miroir-iv.mis-amigos-los-arboles.org\/wp-content\/uploads\/2019\/10\/groupe_unad_impulso_verde.jpg","datePublished":"2019-10-16T13:41:59+00:00","dateModified":"2023-02-07T13:56:15+00:00","author":{"@id":"https:\/\/miroir-iv.mis-amigos-los-arboles.org\/#\/schema\/person\/72f82eb703c4fc2c21440d093fd820dd"},"description":"La Fondation Impuslo Verde Colombia et l\u2019Universit\u00e9 Nationale Ouverte et \u00e0 Distance (UNAD) ont sign\u00e9 un accord-cadre de coop\u00e9ration interinstitutionnelle dans le but de d\u00e9velopper des actions acad\u00e9miques, de recherche et de d\u00e9veloppement rural.","breadcrumb":{"@id":"https:\/\/miroir-iv.mis-amigos-los-arboles.org\/fr\/signature-dun-accord-cadre-avec-luniversite-nationale-ouverte-et-a-distance-unad\/#breadcrumb"},"inLanguage":"fr-FR","potentialAction":[{"@type":"ReadAction","target":["https:\/\/miroir-iv.mis-amigos-los-arboles.org\/fr\/signature-dun-accord-cadre-avec-luniversite-nationale-ouverte-et-a-distance-unad\/"]}]},{"@type":"ImageObject","inLanguage":"fr-FR","@id":"https:\/\/miroir-iv.mis-amigos-los-arboles.org\/fr\/signature-dun-accord-cadre-avec-luniversite-nationale-ouverte-et-a-distance-unad\/#primaryimage","url":"https:\/\/miroir-iv.mis-amigos-los-arboles.org\/wp-content\/uploads\/2019\/10\/groupe_unad_impulso_verde.jpg","contentUrl":"https:\/\/miroir-iv.mis-amigos-los-arboles.org\/wp-content\/uploads\/2019\/10\/groupe_unad_impulso_verde.jpg","width":1024,"height":768},{"@type":"BreadcrumbList","@id":"https:\/\/miroir-iv.mis-amigos-los-arboles.org\/fr\/signature-dun-accord-cadre-avec-luniversite-nationale-ouverte-et-a-distance-unad\/#breadcrumb","itemListElement":[{"@type":"ListItem","position":1,"name":"Portada","item":"https:\/\/miroir-iv.mis-amigos-los-arboles.org\/fr\/la-fondation\/"},{"@type":"ListItem","position":2,"name":"Signature d\u2019un accord-cadre avec l\u2019Universit\u00e9 Nationale Ouverte et \u00e0 Distance (UNAD)"}]},{"@type":"WebSite","@id":"https:\/\/miroir-iv.mis-amigos-los-arboles.org\/#website","url":"https:\/\/miroir-iv.mis-amigos-los-arboles.org\/","name":"Impulsoverde.org - Miroir IV","description":"Site miroir -Impulsoverde.org ","potentialAction":[{"@type":"SearchAction","target":{"@type":"EntryPoint","urlTemplate":"https:\/\/miroir-iv.mis-amigos-los-arboles.org\/?s={search_term_string}"},"query-input":{"@type":"PropertyValueSpecification","valueRequired":true,"valueName":"search_term_string"}}],"inLanguage":"fr-FR"},{"@type":"Person","@id":"https:\/\/miroir-iv.mis-amigos-los-arboles.org\/#\/schema\/person\/72f82eb703c4fc2c21440d093fd820dd","name":"M@ster_1mpuls10n_glac3-0o7","sameAs":["https:\/\/miroir-iv.mis-amigos-los-arboles.org"],"url":"https:\/\/miroir-iv.mis-amigos-los-arboles.org\/fr\/author\/mster_1mpuls10n_glac3-0o7\/"}]}},"_links":{"self":[{"href":"https:\/\/miroir-iv.mis-amigos-los-arboles.org\/fr\/wp-json\/wp\/v2\/posts\/13690","targetHints":{"allow":["GET"]}}],"collection":[{"href":"https:\/\/miroir-iv.mis-amigos-los-arboles.org\/fr\/wp-json\/wp\/v2\/posts"}],"about":[{"href":"https:\/\/miroir-iv.mis-amigos-los-arboles.org\/fr\/wp-json\/wp\/v2\/types\/post"}],"author":[{"embeddable":true,"href":"https:\/\/miroir-iv.mis-amigos-los-arboles.org\/fr\/wp-json\/wp\/v2\/users\/1"}],"replies":[{"embeddable":true,"href":"https:\/\/miroir-iv.mis-amigos-los-arboles.org\/fr\/wp-json\/wp\/v2\/comments?post=13690"}],"version-history":[{"count":4,"href":"https:\/\/miroir-iv.mis-amigos-los-arboles.org\/fr\/wp-json\/wp\/v2\/posts\/13690\/revisions"}],"predecessor-version":[{"id":13694,"href":"https:\/\/miroir-iv.mis-amigos-los-arboles.org\/fr\/wp-json\/wp\/v2\/posts\/13690\/revisions\/13694"}],"wp:featuredmedia":[{"embeddable":true,"href":"https:\/\/miroir-iv.mis-amigos-los-arboles.org\/fr\/wp-json\/wp\/v2\/media\/12946"}],"wp:attachment":[{"href":"https:\/\/miroir-iv.mis-amigos-los-arboles.org\/fr\/wp-json\/wp\/v2\/media?parent=13690"}],"wp:term":[{"taxonomy":"category","embeddable":true,"href":"https:\/\/miroir-iv.mis-amigos-los-arboles.org\/fr\/wp-json\/wp\/v2\/categories?post=13690"},{"taxonomy":"post_tag","embeddable":true,"href":"https:\/\/miroir-iv.mis-amigos-los-arboles.org\/fr\/wp-json\/wp\/v2\/tags?post=13690"}],"curies":[{"name":"wp","href":"https:\/\/api.w.org\/{rel}","templated":true}]}}