{"id":13675,"date":"2020-02-12T15:55:14","date_gmt":"2020-02-12T14:55:14","guid":{"rendered":"https:\/\/miroir-iv.mis-amigos-los-arboles.org\/une-nouvelle-association-rejoint-le-reseau-des-pepinieres-impulso-verde-lassociation-indigene-de-la-femme-entrepreneure\/"},"modified":"2023-02-07T14:59:15","modified_gmt":"2023-02-07T13:59:15","slug":"une-nouvelle-association-rejoint-le-reseau-des-pepinieres-impulso-verde-lassociation-indigene-de-la-femme-entrepreneure","status":"publish","type":"post","link":"https:\/\/miroir-iv.mis-amigos-los-arboles.org\/fr\/une-nouvelle-association-rejoint-le-reseau-des-pepinieres-impulso-verde-lassociation-indigene-de-la-femme-entrepreneure\/","title":{"rendered":"Une nouvelle association rejoint le r\u00e9seau des p\u00e9pini\u00e8res Impulso Verde : L\u2019Association indig\u00e8ne de la Femme Entrepreneure"},"content":{"rendered":"<div class=\"wpb-content-wrapper\"><p>[vc_row gap=\u00a0\u00bb35&Prime; bg_type=\u00a0\u00bbbg_color\u00a0\u00bb bg_override=\u00a0\u00bbex-full\u00a0\u00bb bg_color_value=\u00a0\u00bb#056e04&Prime;][vc_column][vc_empty_space height=\u00a0\u00bb15px\u00a0\u00bb]<style type=\"text\/css\" data-type=\"the7_shortcodes-inline-css\">#default-btn-a3ca86d571f443682280bd132a59883b {\n  font-size: 14px;\n  line-height: 16px;\n  padding: 4px 0px 4px 0px;\n}\n#default-btn-a3ca86d571f443682280bd132a59883b.ico-right-side > i {\n  margin-right: 0px;\n  margin-left: 8px;\n}\n#default-btn-a3ca86d571f443682280bd132a59883b:after {\n  height: 2px;\n  background: #ffffff !important;\n}\n#default-btn-a3ca86d571f443682280bd132a59883b > i {\n  margin-right: 8px;\n  font-size: 11px;\n}\n#default-btn-a3ca86d571f443682280bd132a59883b:not(:hover),\n#default-btn-a3ca86d571f443682280bd132a59883b.link-hover-off:hover {\n  color: #ffffff;\n  background: none;\n}\n#default-btn-a3ca86d571f443682280bd132a59883b:not(:hover) *,\n#default-btn-a3ca86d571f443682280bd132a59883b.link-hover-off:hover * {\n  color: #ffffff;\n  background: none;\n}\n#default-btn-a3ca86d571f443682280bd132a59883b:not(.link-hover-off):hover {\n  color: #ffffff;\n  background: none;\n}\n#default-btn-a3ca86d571f443682280bd132a59883b:not(.link-hover-off):hover * {\n  color: #ffffff;\n  background: none;\n}\n#default-btn-a3ca86d571f443682280bd132a59883b.ico-right-side > i {\n  margin-right: 0px;\n  margin-left: 8px;\n}\n#default-btn-a3ca86d571f443682280bd132a59883b > i {\n  margin-right: 8px;\n}\n<\/style><div class=\"btn-align-center\"><a href=\"https:\/\/miroir-iv.mis-amigos-los-arboles.org\/fr\/actualites\/\" class=\"default-btn-shortcode dt-btn-link upwards-line \" id=\"default-btn-a3ca86d571f443682280bd132a59883b\" title=\"Ver todas las noticias\"><i class=\"dt-icon-the7-misc-099\"><\/i><span>Voir toutes les actualit\u00e9s<\/span><\/a><\/div>[\/vc_column][\/vc_row][vc_row gap=\u00a0\u00bb3&Prime;][vc_column][vc_single_image image=\u00a0\u00bb11754&Prime; img_size=\u00a0\u00bblarge\u00a0\u00bb alignment=\u00a0\u00bbcenter\u00a0\u00bb image_hovers=\u00a0\u00bbfalse\u00a0\u00bb][vc_empty_space height=\u00a0\u00bb30px\u00a0\u00bb][vc_column_text]<\/p>\n<h2 style=\"text-align: center;\"><span style=\"color: #008000;\">Une nouvelle association rejoint le r\u00e9seau des p\u00e9pini\u00e8res Impulso Verde : <\/span><br \/>\n<span style=\"color: #008000;\">L\u2019Association indig\u00e8ne de la Femme Entrepreneure<\/span><\/h2>\n<p>[\/vc_column_text][vc_empty_space height=\u00a0\u00bb30px\u00a0\u00bb][\/vc_column][\/vc_row][vc_row gap=\u00a0\u00bb35&Prime; content_placement=\u00a0\u00bbmiddle\u00a0\u00bb][vc_column width=\u00a0\u00bb1\/2&Prime;]<style type=\"text\/css\" data-type=\"the7_shortcodes-inline-css\">.photos-carousel-shortcode-id-09b61a68725549b5fbeb41b327922373.owl-carousel .owl-nav div {\n  width: 36px;\n  height: 36px;\n  border-radius: 500px;\n}\n.photos-carousel-shortcode-id-09b61a68725549b5fbeb41b327922373.owl-carousel .owl-nav div:before,\n.photos-carousel-shortcode-id-09b61a68725549b5fbeb41b327922373.owl-carousel .owl-nav div:after {\n  border-width: 0px;\n}\n.photos-carousel-shortcode-id-09b61a68725549b5fbeb41b327922373.owl-carousel .owl-nav div.owl-prev {\n  top: 50%;\n  transform: translateY(calc(-50% + 0px));\n  left: -43px;\n}\n@media all and (-ms-high-contrast: none) {\n  .photos-carousel-shortcode-id-09b61a68725549b5fbeb41b327922373.owl-carousel .owl-nav div.owl-prev {\n    transform: translateY(-50%);\n    margin-top: 0px;\n  }\n}\n.photos-carousel-shortcode-id-09b61a68725549b5fbeb41b327922373.owl-carousel .owl-nav div.owl-prev i {\n  padding: 0px 0px 0px 0px;\n}\n.photos-carousel-shortcode-id-09b61a68725549b5fbeb41b327922373.owl-carousel .owl-nav div.owl-next {\n  top: 50%;\n  transform: translateY(calc(-50% + 0px));\n  right: -43px;\n}\n@media all and (-ms-high-contrast: none) {\n  .photos-carousel-shortcode-id-09b61a68725549b5fbeb41b327922373.owl-carousel .owl-nav div.owl-next {\n    transform: translateY(-50%);\n    margin-top: 0px;\n  }\n}\n.photos-carousel-shortcode-id-09b61a68725549b5fbeb41b327922373.owl-carousel .owl-nav div.owl-next i {\n  padding: 0px 0px 0px 0px;\n}\n.photos-carousel-shortcode-id-09b61a68725549b5fbeb41b327922373.owl-carousel .owl-nav i {\n  font-size: 18px;\n}\n.photos-carousel-shortcode-id-09b61a68725549b5fbeb41b327922373.owl-carousel .owl-nav div:not(:hover) i,\n.photos-carousel-shortcode-id-09b61a68725549b5fbeb41b327922373.owl-carousel .owl-nav div:not(:hover) i:before {\n  color: #ffffff;\n  background: none;\n}\n.photos-carousel-shortcode-id-09b61a68725549b5fbeb41b327922373.owl-carousel .owl-nav div:hover i,\n.photos-carousel-shortcode-id-09b61a68725549b5fbeb41b327922373.owl-carousel .owl-nav div:hover i:before {\n  color: rgba(255,255,255,0.75);\n  background: none;\n}\n.photos-carousel-shortcode-id-09b61a68725549b5fbeb41b327922373 .owl-dots {\n  top: calc(100% + 20px);\n  left: 50%;\n  transform: translateX(calc(-50% + 0px));\n}\n@media all and (-ms-high-contrast: none) {\n  .photos-carousel-shortcode-id-09b61a68725549b5fbeb41b327922373 .owl-dots {\n    transform: translateX(-50%);\n    margin-left: 0px;\n  }\n}\n.photos-carousel-shortcode-id-09b61a68725549b5fbeb41b327922373 .owl-dot {\n  width: 10px;\n  height: 10px;\n  margin: 0 8px;\n}\n.bullets-scale-up.photos-carousel-shortcode-id-09b61a68725549b5fbeb41b327922373 .owl-dot:not(.active):not(:hover) span {\n  background: #056e04;\n  -webkit-box-shadow: none;\n  box-shadow: none;\n}\n.bullets-scale-up.photos-carousel-shortcode-id-09b61a68725549b5fbeb41b327922373 .owl-dot:not(.active):hover span,\n.bullets-scale-up.photos-carousel-shortcode-id-09b61a68725549b5fbeb41b327922373 .owl-dot.active span {\n  background: #61a103;\n  -webkit-box-shadow: none;\n  box-shadow: none;\n}\n.bullets-stroke.photos-carousel-shortcode-id-09b61a68725549b5fbeb41b327922373 .owl-dot:not(.active):not(:hover) span {\n  background: #056e04;\n  -webkit-box-shadow: none;\n  box-shadow: none;\n}\n.bullets-stroke.photos-carousel-shortcode-id-09b61a68725549b5fbeb41b327922373 .owl-dot:not(.active):hover span {\n  background: #61a103;\n  -webkit-box-shadow: none;\n  box-shadow: none;\n}\n.bullets-stroke.photos-carousel-shortcode-id-09b61a68725549b5fbeb41b327922373 .owl-dot.active span {\n  -webkit-box-shadow: 0 0 0 2px #61a103;\n  box-shadow: 0 0 0 2px #61a103;\n}\n.bullets-fill-in.photos-carousel-shortcode-id-09b61a68725549b5fbeb41b327922373 .owl-dot:not(.active):not(:hover) span {\n  -webkit-box-shadow: inset 0 0 0 2px #056e04;\n  box-shadow: inset 0 0 0 2px #056e04;\n}\n.bullets-fill-in.photos-carousel-shortcode-id-09b61a68725549b5fbeb41b327922373 .owl-dot:not(.active):hover span {\n  -webkit-box-shadow: inset 0 0 0 2px #61a103;\n  box-shadow: inset 0 0 0 2px #61a103;\n}\n.bullets-fill-in.photos-carousel-shortcode-id-09b61a68725549b5fbeb41b327922373 .owl-dot.active span {\n  -webkit-box-shadow: inset 0 0 0 20px #61a103;\n  box-shadow: inset 0 0 0 20px #61a103;\n}\n.bullets-small-dot-stroke.photos-carousel-shortcode-id-09b61a68725549b5fbeb41b327922373 .owl-dot:not(.active):not(:hover) span {\n  background: #056e04;\n  -webkit-box-shadow: none;\n  box-shadow: none;\n}\n.bullets-small-dot-stroke.photos-carousel-shortcode-id-09b61a68725549b5fbeb41b327922373 .owl-dot:not(.active):hover span,\n.bullets-small-dot-stroke.photos-carousel-shortcode-id-09b61a68725549b5fbeb41b327922373 .owl-dot.active span {\n  background: #61a103;\n  -webkit-box-shadow: none;\n  box-shadow: none;\n}\n.bullets-small-dot-stroke.photos-carousel-shortcode-id-09b61a68725549b5fbeb41b327922373 .owl-dot.active {\n  -webkit-box-shadow: 0 0 0 2px #61a103;\n  box-shadow: 0 0 0 2px #61a103;\n}\n.bullets-ubax.photos-carousel-shortcode-id-09b61a68725549b5fbeb41b327922373 .owl-dot span {\n  background: #056e04;\n  -webkit-box-shadow: none;\n  box-shadow: none;\n}\n.bullets-ubax.photos-carousel-shortcode-id-09b61a68725549b5fbeb41b327922373 .owl-dot.active span {\n  border-color: #61a103;\n}\n.bullets-ubax.photos-carousel-shortcode-id-09b61a68725549b5fbeb41b327922373 .owl-dot:not(.active):hover span {\n  background: #61a103;\n  -webkit-box-shadow: none;\n  box-shadow: none;\n}\n.bullets-etefu.photos-carousel-shortcode-id-09b61a68725549b5fbeb41b327922373 .owl-dot span {\n  background: #056e04;\n  -webkit-box-shadow: none;\n  box-shadow: none;\n}\n.bullets-etefu.photos-carousel-shortcode-id-09b61a68725549b5fbeb41b327922373 .owl-dot:not(.active):hover span {\n  background: #61a103;\n  -webkit-box-shadow: none;\n  box-shadow: none;\n}\n.bullets-etefu.photos-carousel-shortcode-id-09b61a68725549b5fbeb41b327922373 .owl-dot span:before {\n  background: #61a103;\n  -webkit-box-shadow: none;\n  box-shadow: none;\n}\n.accent-gradient .bullets-etefu.photos-carousel-shortcode-id-09b61a68725549b5fbeb41b327922373 .owl-dot span:before {\n  background: #61a103;\n  -webkit-box-shadow: none;\n  box-shadow: none;\n}\n@media screen and (max-width: 778px) {\n  .photos-carousel-shortcode-id-09b61a68725549b5fbeb41b327922373.hide-arrows.owl-carousel .owl-nav a {\n    display: none;\n  }\n}\n@media screen and (max-width: 778px) {\n  .photos-carousel-shortcode-id-09b61a68725549b5fbeb41b327922373.reposition-arrows.owl-carousel .owl-nav .owl-prev {\n    top: 50%;\n    transform: translateY(calc(-50% + 0px));\n    left: 10px;\n  }\n  .photos-carousel-shortcode-id-09b61a68725549b5fbeb41b327922373.reposition-arrows.owl-carousel .owl-nav .owl-next {\n    top: 50%;\n    transform: translateY(calc(-50% + 0px));\n    right: 10px;\n  }\n}\n@media screen and (max-width: 778px) and all and (-ms-high-contrast: none) {\n  .photos-carousel-shortcode-id-09b61a68725549b5fbeb41b327922373.reposition-arrows.owl-carousel .owl-nav .owl-prev {\n    transform: translateY(-50%);\n    margin-top: 0px;\n  }\n}\n@media screen and (max-width: 778px) and all and (-ms-high-contrast: none) {\n  .photos-carousel-shortcode-id-09b61a68725549b5fbeb41b327922373.reposition-arrows.owl-carousel .owl-nav .owl-next {\n    transform: translateY(-50%);\n    margin-top: 0px;\n  }\n}\n.photos-carousel-shortcode-id-09b61a68725549b5fbeb41b327922373 figure,\n.photos-carousel-shortcode-id-09b61a68725549b5fbeb41b327922373 .rollover,\n.photos-carousel-shortcode-id-09b61a68725549b5fbeb41b327922373 img,\n.photos-carousel-shortcode-id-09b61a68725549b5fbeb41b327922373 .gallery-rollover {\n  border-radius: 0px;\n}\n.photos-carousel-shortcode-id-09b61a68725549b5fbeb41b327922373.enable-bg-rollover .gallery-rollover {\n  background: -webkit-linear-gradient();\n  background: linear-gradient();\n}\n.photos-carousel-shortcode-id-09b61a68725549b5fbeb41b327922373.enable-bg-rollover.hover-scale .rollover:after {\n  background: -webkit-linear-gradient();\n  background: linear-gradient();\n}\n.photos-carousel-shortcode-id-09b61a68725549b5fbeb41b327922373.enable-img-shadow .owl-stage-outer {\n  padding: 14px 0;\n}\n.photos-carousel-shortcode-id-09b61a68725549b5fbeb41b327922373.gallery-shortcode .gallery-zoom-ico {\n  width: 44px;\n  height: 44px;\n  line-height: 44px;\n  border-radius: 100px;\n  margin: -22px 0 0 -22px;\n  border-width: 0px;\n}\n.dt-icon-bg-on.photos-carousel-shortcode-id-09b61a68725549b5fbeb41b327922373.gallery-shortcode .gallery-zoom-ico {\n  background: rgba(255,255,255,0.3);\n  -webkit-box-shadow: none;\n  box-shadow: none;\n}\n.photos-carousel-shortcode-id-09b61a68725549b5fbeb41b327922373.gallery-shortcode .gallery-zoom-ico:before,\n.photos-carousel-shortcode-id-09b61a68725549b5fbeb41b327922373.gallery-shortcode .gallery-zoom-ico span {\n  font-size: 32px;\n  line-height: 44px;\n  color: #ffffff;\n  background: none;\n}\n<\/style><div class=\"owl-carousel gallery-carousel-shortcode gallery-shortcode dt-gallery-container album-gallery-shortcode dt-owl-carousel-call photos-carousel-shortcode-id-09b61a68725549b5fbeb41b327922373 scale-img enable-bg-rollover meta-info-off bullets-small-dot-stroke reposition-arrows dt-icon-bg-off arrows-bg-on dt-arrow-border-on dt-arrow-hover-border-on disable-arrows-hover-bg arrows-hover-bg-on  vc_custom_1674837840029 hover-fade \" data-scroll-mode=\"1\" data-col-num=\"1\" data-wide-col-num=\"1\" data-laptop-col=\"1\" data-h-tablet-columns-num=\"1\" data-v-tablet-columns-num=\"1\" data-phone-columns-num=\"1\" data-col-gap=\"10\" data-stage-padding=\"0\" data-speed=\"600\" data-autoplay=\"true\" data-autoplay_speed=\"6000\" data-arrows=\"false\" data-bullet=\"true\" data-next-icon=\"icon-ar-017-r\" data-prev-icon=\"icon-ar-017-l\" data-img-shadow-size=\"12px\" data-img-shadow-spread=\"3px\"><article class=\"post visible post-12898 attachment type-attachment status-inherit hentry\"><a href=\"https:\/\/miroir-iv.mis-amigos-los-arboles.org\/wp-content\/uploads\/2023\/01\/mujer_emprendedora-07.jpg\" class=\"rollover-click-target rollover dt-pswp-item layzr-bg\" title=\"mujer_emprendedora-07\" data-dt-img-description=\"\"  data-large_image_width=\"780\" data-large_image_height = \"1040\" ><img fetchpriority=\"high\" decoding=\"async\" class=\"preload-me owl-lazy-load aspect\" src=\"data:image\/svg+xml,%3Csvg%20xmlns%3D&#39;http%3A%2F%2Fwww.w3.org%2F2000%2Fsvg&#39;%20viewBox%3D&#39;0%200%20780%20584&#39;%2F%3E\" data-src=\"https:\/\/miroir-iv.mis-amigos-los-arboles.org\/wp-content\/uploads\/2023\/01\/mujer_emprendedora-07-780x584.jpg\" data-srcset=\"https:\/\/miroir-iv.mis-amigos-los-arboles.org\/wp-content\/uploads\/2023\/01\/mujer_emprendedora-07-780x584.jpg 780w\" loading=\"eager\" style=\"--ratio: 780 \/ 584\" sizes=\"(max-width: 780px) 100vw, 780px\" alt=\"\" width=\"780\" height=\"584\"  \/><span class=\"gallery-rollover\"><span class=\"gallery-zoom-ico icomoon-the7-font-the7-zoom-05\"><span><\/span><\/span><\/span><\/a><\/article><article class=\"post visible post-12883 attachment type-attachment status-inherit hentry\"><a href=\"https:\/\/miroir-iv.mis-amigos-los-arboles.org\/wp-content\/uploads\/2023\/01\/mujer_emprendedora-02.jpg\" class=\"rollover-click-target rollover dt-pswp-item layzr-bg\" title=\"mujer_emprendedora-02\" data-dt-img-description=\"\"  data-large_image_width=\"1042\" data-large_image_height = \"781\" ><img decoding=\"async\" class=\"preload-me owl-lazy-load aspect\" src=\"data:image\/svg+xml,%3Csvg%20xmlns%3D&#39;http%3A%2F%2Fwww.w3.org%2F2000%2Fsvg&#39;%20viewBox%3D&#39;0%200%201041%20781&#39;%2F%3E\" data-src=\"https:\/\/miroir-iv.mis-amigos-los-arboles.org\/wp-content\/uploads\/2023\/01\/mujer_emprendedora-02.jpg\" data-srcset=\"https:\/\/miroir-iv.mis-amigos-los-arboles.org\/wp-content\/uploads\/2023\/01\/mujer_emprendedora-02.jpg 1041w\" loading=\"eager\" style=\"--ratio: 1041 \/ 781\" sizes=\"(max-width: 1041px) 100vw, 1041px\" alt=\"\" width=\"1041\" height=\"781\"  \/><span class=\"gallery-rollover\"><span class=\"gallery-zoom-ico icomoon-the7-font-the7-zoom-05\"><span><\/span><\/span><\/span><\/a><\/article><article class=\"post visible post-12886 attachment type-attachment status-inherit hentry\"><a href=\"https:\/\/miroir-iv.mis-amigos-los-arboles.org\/wp-content\/uploads\/2023\/01\/mujer_emprendedora-03.jpg\" class=\"rollover-click-target rollover dt-pswp-item layzr-bg\" title=\"mujer_emprendedora-03\" data-dt-img-description=\"\"  data-large_image_width=\"1042\" data-large_image_height = \"781\" ><img decoding=\"async\" class=\"preload-me owl-lazy-load aspect\" src=\"data:image\/svg+xml,%3Csvg%20xmlns%3D&#39;http%3A%2F%2Fwww.w3.org%2F2000%2Fsvg&#39;%20viewBox%3D&#39;0%200%201041%20781&#39;%2F%3E\" data-src=\"https:\/\/miroir-iv.mis-amigos-los-arboles.org\/wp-content\/uploads\/2023\/01\/mujer_emprendedora-03.jpg\" data-srcset=\"https:\/\/miroir-iv.mis-amigos-los-arboles.org\/wp-content\/uploads\/2023\/01\/mujer_emprendedora-03.jpg 1041w\" loading=\"eager\" style=\"--ratio: 1041 \/ 781\" sizes=\"(max-width: 1041px) 100vw, 1041px\" alt=\"\" width=\"1041\" height=\"781\"  \/><span class=\"gallery-rollover\"><span class=\"gallery-zoom-ico icomoon-the7-font-the7-zoom-05\"><span><\/span><\/span><\/span><\/a><\/article><article class=\"post visible post-12889 attachment type-attachment status-inherit hentry\"><a href=\"https:\/\/miroir-iv.mis-amigos-los-arboles.org\/wp-content\/uploads\/2023\/01\/mujer_emprendedora-04.jpg\" class=\"rollover-click-target rollover dt-pswp-item layzr-bg\" title=\"mujer_emprendedora-04\" data-dt-img-description=\"\"  data-large_image_width=\"1042\" data-large_image_height = \"781\" ><img decoding=\"async\" class=\"preload-me owl-lazy-load aspect\" src=\"data:image\/svg+xml,%3Csvg%20xmlns%3D&#39;http%3A%2F%2Fwww.w3.org%2F2000%2Fsvg&#39;%20viewBox%3D&#39;0%200%201041%20781&#39;%2F%3E\" data-src=\"https:\/\/miroir-iv.mis-amigos-los-arboles.org\/wp-content\/uploads\/2023\/01\/mujer_emprendedora-04.jpg\" data-srcset=\"https:\/\/miroir-iv.mis-amigos-los-arboles.org\/wp-content\/uploads\/2023\/01\/mujer_emprendedora-04.jpg 1041w\" loading=\"eager\" style=\"--ratio: 1041 \/ 781\" sizes=\"(max-width: 1041px) 100vw, 1041px\" alt=\"\" width=\"1041\" height=\"781\"  \/><span class=\"gallery-rollover\"><span class=\"gallery-zoom-ico icomoon-the7-font-the7-zoom-05\"><span><\/span><\/span><\/span><\/a><\/article><article class=\"post visible post-12892 attachment type-attachment status-inherit hentry\"><a href=\"https:\/\/miroir-iv.mis-amigos-los-arboles.org\/wp-content\/uploads\/2023\/01\/mujer_emprendedora-05.jpg\" class=\"rollover-click-target rollover dt-pswp-item layzr-bg\" title=\"mujer_emprendedora-05\" data-dt-img-description=\"\"  data-large_image_width=\"1042\" data-large_image_height = \"781\" ><img decoding=\"async\" class=\"preload-me owl-lazy-load aspect\" src=\"data:image\/svg+xml,%3Csvg%20xmlns%3D&#39;http%3A%2F%2Fwww.w3.org%2F2000%2Fsvg&#39;%20viewBox%3D&#39;0%200%201041%20781&#39;%2F%3E\" data-src=\"https:\/\/miroir-iv.mis-amigos-los-arboles.org\/wp-content\/uploads\/2023\/01\/mujer_emprendedora-05.jpg\" data-srcset=\"https:\/\/miroir-iv.mis-amigos-los-arboles.org\/wp-content\/uploads\/2023\/01\/mujer_emprendedora-05.jpg 1041w\" loading=\"eager\" style=\"--ratio: 1041 \/ 781\" sizes=\"(max-width: 1041px) 100vw, 1041px\" alt=\"\" width=\"1041\" height=\"781\"  \/><span class=\"gallery-rollover\"><span class=\"gallery-zoom-ico icomoon-the7-font-the7-zoom-05\"><span><\/span><\/span><\/span><\/a><\/article><article class=\"post visible post-12895 attachment type-attachment status-inherit hentry\"><a href=\"https:\/\/miroir-iv.mis-amigos-los-arboles.org\/wp-content\/uploads\/2023\/01\/mujer_emprendedora-06.jpg\" class=\"rollover-click-target rollover dt-pswp-item layzr-bg\" title=\"mujer_emprendedora-06\" data-dt-img-description=\"\"  data-large_image_width=\"1042\" data-large_image_height = \"781\" ><img decoding=\"async\" class=\"preload-me owl-lazy-load aspect\" src=\"data:image\/svg+xml,%3Csvg%20xmlns%3D&#39;http%3A%2F%2Fwww.w3.org%2F2000%2Fsvg&#39;%20viewBox%3D&#39;0%200%201041%20781&#39;%2F%3E\" data-src=\"https:\/\/miroir-iv.mis-amigos-los-arboles.org\/wp-content\/uploads\/2023\/01\/mujer_emprendedora-06.jpg\" data-srcset=\"https:\/\/miroir-iv.mis-amigos-los-arboles.org\/wp-content\/uploads\/2023\/01\/mujer_emprendedora-06.jpg 1041w\" loading=\"eager\" style=\"--ratio: 1041 \/ 781\" sizes=\"(max-width: 1041px) 100vw, 1041px\" alt=\"\" width=\"1041\" height=\"781\"  \/><span class=\"gallery-rollover\"><span class=\"gallery-zoom-ico icomoon-the7-font-the7-zoom-05\"><span><\/span><\/span><\/span><\/a><\/article><article class=\"post visible post-12880 attachment type-attachment status-inherit hentry\"><a href=\"https:\/\/miroir-iv.mis-amigos-los-arboles.org\/wp-content\/uploads\/2023\/01\/mujer_emprendedora-01.jpg\" class=\"rollover-click-target rollover dt-pswp-item layzr-bg\" title=\"mujer_emprendedora-01\" data-dt-img-description=\"\"  data-large_image_width=\"1042\" data-large_image_height = \"781\" ><img decoding=\"async\" class=\"preload-me owl-lazy-load aspect\" src=\"data:image\/svg+xml,%3Csvg%20xmlns%3D&#39;http%3A%2F%2Fwww.w3.org%2F2000%2Fsvg&#39;%20viewBox%3D&#39;0%200%201041%20781&#39;%2F%3E\" data-src=\"https:\/\/miroir-iv.mis-amigos-los-arboles.org\/wp-content\/uploads\/2023\/01\/mujer_emprendedora-01.jpg\" data-srcset=\"https:\/\/miroir-iv.mis-amigos-los-arboles.org\/wp-content\/uploads\/2023\/01\/mujer_emprendedora-01.jpg 1041w\" loading=\"eager\" style=\"--ratio: 1041 \/ 781\" sizes=\"(max-width: 1041px) 100vw, 1041px\" alt=\"\" width=\"1041\" height=\"781\"  \/><span class=\"gallery-rollover\"><span class=\"gallery-zoom-ico icomoon-the7-font-the7-zoom-05\"><span><\/span><\/span><\/span><\/a><\/article><\/div>[vc_empty_space height=\u00a0\u00bb20&Prime;][\/vc_column][vc_column width=\u00a0\u00bb1\/2&Prime;][vc_column_text]<\/p>\n<p style=\"text-align: justify;\">Depuis f\u00e9vrier 2020, une nouvelle association est entr\u00e9e dans le \u201cR\u00e9seau des P\u00e9pini\u00e8res Vertes\u201d d\u2019Impulso Verde.<\/p>\n<p style=\"text-align: justify;\">L\u2019Association de la Femme Entrepreneure (Asociaci\u00f3n ind\u00edgena de la Mujer Emprendedora) est install\u00e9e dans la municipalit\u00e9 de Cumbal. 45 femmes forment l\u2019association et sont, pour la majorit\u00e9, originaires des zones rurales touch\u00e9es par les conflits arm\u00e9s pass\u00e9s. Depuis sa cr\u00e9ation, l\u2019association contribue \u00e0 la vie de la communaut\u00e9 en d\u00e9veloppant des activit\u00e9s qui impliquent les femmes dans des projets de leadership et d\u2019appropriation du territoire. Elle est n\u00e9e de la lutte pour le territoire et des revendications pour le droit \u00e0 s\u2019y sentir en s\u00e9curit\u00e9. Son objectif est d\u2019am\u00e9liorer la qualit\u00e9 de vie de toutes les membres en suivant une approche fond\u00e9e sur l\u2019\u00e9galit\u00e9 des genres et la participation de toutes et tous (des enfants, des hommes et des personnes \u00e2g\u00e9es ont aussi int\u00e9gr\u00e9 l\u2019association).<\/p>\n<p>[\/vc_column_text][\/vc_column][\/vc_row][vc_row gap=\u00a0\u00bb35&Prime; content_placement=\u00a0\u00bbtop\u00a0\u00bb][vc_column][vc_empty_space height=\u00a0\u00bb20&Prime;][vc_column_text]<\/p>\n<p style=\"text-align: justify;\">L\u2019association a \u00e9t\u00e9 soutenue par le SENA (Service National d\u2019Apprentissage) qui lui a apport\u00e9 une assistance technique et du mat\u00e9riel pour monter une p\u00e9pini\u00e8re. Elle a d\u00e9j\u00e0 une exp\u00e9rience de base en propagation de mat\u00e9riel v\u00e9g\u00e9tal et plantation d\u2019arbres.<\/p>\n<p style=\"text-align: justify;\">Actuellement, l\u2019association travaille en collaboration avec Impulso Verde Colombia afin de renforcer les activit\u00e9s de p\u00e9pini\u00e8re, reforestation et restauration.<\/p>\n<p>[\/vc_column_text][\/vc_column][\/vc_row]<\/p>\n<\/div>","protected":false},"excerpt":{"rendered":"<p>[vc_row gap=\u00a0\u00bb35&Prime; bg_type=\u00a0\u00bbbg_color\u00a0\u00bb bg_override=\u00a0\u00bbex-full\u00a0\u00bb bg_color_value=\u00a0\u00bb#056e04&Prime;][vc_column][vc_empty_space height=\u00a0\u00bb15px\u00a0\u00bb][\/vc_column][\/vc_row][vc_row gap=\u00a0\u00bb3&Prime;][vc_column][vc_single_image image=\u00a0\u00bb11754&Prime; img_size=\u00a0\u00bblarge\u00a0\u00bb alignment=\u00a0\u00bbcenter\u00a0\u00bb image_hovers=\u00a0\u00bbfalse\u00a0\u00bb][vc_empty_space height=\u00a0\u00bb30px\u00a0\u00bb][vc_column_text] Une nouvelle association rejoint le r\u00e9seau des p\u00e9pini\u00e8res Impulso Verde : L\u2019Association indig\u00e8ne de la Femme Entrepreneure [\/vc_column_text][vc_empty_space height=\u00a0\u00bb30px\u00a0\u00bb][\/vc_column][\/vc_row][vc_row gap=\u00a0\u00bb35&Prime; content_placement=\u00a0\u00bbmiddle\u00a0\u00bb][vc_column width=\u00a0\u00bb1\/2&Prime;][vc_empty_space height=\u00a0\u00bb20&Prime;][\/vc_column][vc_column width=\u00a0\u00bb1\/2&Prime;][vc_column_text] Depuis f\u00e9vrier 2020, une nouvelle association est entr\u00e9e dans le \u201cR\u00e9seau des P\u00e9pini\u00e8res Vertes\u201d d\u2019Impulso Verde. L\u2019Association de la&hellip;<\/p>\n","protected":false},"author":1,"featured_media":12898,"comment_status":"closed","ping_status":"closed","sticky":false,"template":"","format":"standard","meta":{"footnotes":""},"categories":[56],"tags":[],"class_list":["post-13675","post","type-post","status-publish","format-standard","has-post-thumbnail","hentry","category-ressources","category-56","description-off"],"yoast_head":"<!-- This site is optimized with the Yoast SEO plugin v27.5 - https:\/\/yoast.com\/product\/yoast-seo-wordpress\/ -->\n<title>Une nouvelle association rejoint le r\u00e9seau des p\u00e9pini\u00e8res Impulso Verde : L\u2019Association indig\u00e8ne de la Femme Entrepreneure - Impulsoverde.org - Miroir IV<\/title>\n<meta name=\"description\" content=\"L\u2019Association de la Femme Entrepreneure (Asociaci\u00f3n ind\u00edgena de la Mujer Emprendedora) est install\u00e9e dans la municipalit\u00e9 de Cumbal. 45 femmes forment l\u2019association et sont, pour la majorit\u00e9, originaires des zones rurales touch\u00e9es par les conflits arm\u00e9s pass\u00e9s.\" \/>\n<meta name=\"robots\" content=\"noindex, follow, max-snippet:-1, max-image-preview:large, max-video-preview:-1\" \/>\n<meta property=\"og:locale\" content=\"fr_FR\" \/>\n<meta property=\"og:type\" content=\"article\" \/>\n<meta property=\"og:title\" content=\"Une nouvelle association rejoint le r\u00e9seau des p\u00e9pini\u00e8res Impulso Verde : L\u2019Association indig\u00e8ne de la Femme Entrepreneure - Impulsoverde.org - Miroir IV\" \/>\n<meta property=\"og:description\" content=\"L\u2019Association de la Femme Entrepreneure (Asociaci\u00f3n ind\u00edgena de la Mujer Emprendedora) est install\u00e9e dans la municipalit\u00e9 de Cumbal. 45 femmes forment l\u2019association et sont, pour la majorit\u00e9, originaires des zones rurales touch\u00e9es par les conflits arm\u00e9s pass\u00e9s.\" \/>\n<meta property=\"og:url\" content=\"https:\/\/miroir-iv.mis-amigos-los-arboles.org\/fr\/une-nouvelle-association-rejoint-le-reseau-des-pepinieres-impulso-verde-lassociation-indigene-de-la-femme-entrepreneure\/\" \/>\n<meta property=\"og:site_name\" content=\"Impulsoverde.org - Miroir IV\" \/>\n<meta property=\"article:published_time\" content=\"2020-02-12T14:55:14+00:00\" \/>\n<meta property=\"article:modified_time\" content=\"2023-02-07T13:59:15+00:00\" \/>\n<meta property=\"og:image\" content=\"https:\/\/miroir-iv.mis-amigos-los-arboles.org\/wp-content\/uploads\/2023\/01\/mujer_emprendedora-07.jpg\" \/>\n\t<meta property=\"og:image:width\" content=\"780\" \/>\n\t<meta property=\"og:image:height\" content=\"1040\" \/>\n\t<meta property=\"og:image:type\" content=\"image\/jpeg\" \/>\n<meta name=\"author\" content=\"M@ster_1mpuls10n_glac3-0o7\" \/>\n<meta name=\"twitter:card\" content=\"summary_large_image\" \/>\n<meta name=\"twitter:label1\" content=\"\u00c9crit par\" \/>\n\t<meta name=\"twitter:data1\" content=\"M@ster_1mpuls10n_glac3-0o7\" \/>\n\t<meta name=\"twitter:label2\" content=\"Dur\u00e9e de lecture estim\u00e9e\" \/>\n\t<meta name=\"twitter:data2\" content=\"2 minutes\" \/>\n<script type=\"application\/ld+json\" class=\"yoast-schema-graph\">{\"@context\":\"https:\\\/\\\/schema.org\",\"@graph\":[{\"@type\":\"Article\",\"@id\":\"https:\\\/\\\/miroir-iv.mis-amigos-los-arboles.org\\\/fr\\\/une-nouvelle-association-rejoint-le-reseau-des-pepinieres-impulso-verde-lassociation-indigene-de-la-femme-entrepreneure\\\/#article\",\"isPartOf\":{\"@id\":\"https:\\\/\\\/miroir-iv.mis-amigos-los-arboles.org\\\/fr\\\/une-nouvelle-association-rejoint-le-reseau-des-pepinieres-impulso-verde-lassociation-indigene-de-la-femme-entrepreneure\\\/\"},\"author\":{\"name\":\"M@ster_1mpuls10n_glac3-0o7\",\"@id\":\"https:\\\/\\\/miroir-iv.mis-amigos-los-arboles.org\\\/#\\\/schema\\\/person\\\/72f82eb703c4fc2c21440d093fd820dd\"},\"headline\":\"Une nouvelle association rejoint le r\u00e9seau des p\u00e9pini\u00e8res Impulso Verde : L\u2019Association indig\u00e8ne de la Femme Entrepreneure\",\"datePublished\":\"2020-02-12T14:55:14+00:00\",\"dateModified\":\"2023-02-07T13:59:15+00:00\",\"mainEntityOfPage\":{\"@id\":\"https:\\\/\\\/miroir-iv.mis-amigos-los-arboles.org\\\/fr\\\/une-nouvelle-association-rejoint-le-reseau-des-pepinieres-impulso-verde-lassociation-indigene-de-la-femme-entrepreneure\\\/\"},\"wordCount\":545,\"image\":{\"@id\":\"https:\\\/\\\/miroir-iv.mis-amigos-los-arboles.org\\\/fr\\\/une-nouvelle-association-rejoint-le-reseau-des-pepinieres-impulso-verde-lassociation-indigene-de-la-femme-entrepreneure\\\/#primaryimage\"},\"thumbnailUrl\":\"https:\\\/\\\/miroir-iv.mis-amigos-los-arboles.org\\\/wp-content\\\/uploads\\\/2023\\\/01\\\/mujer_emprendedora-07.jpg\",\"articleSection\":[\"Ressources\"],\"inLanguage\":\"fr-FR\"},{\"@type\":\"WebPage\",\"@id\":\"https:\\\/\\\/miroir-iv.mis-amigos-los-arboles.org\\\/fr\\\/une-nouvelle-association-rejoint-le-reseau-des-pepinieres-impulso-verde-lassociation-indigene-de-la-femme-entrepreneure\\\/\",\"url\":\"https:\\\/\\\/miroir-iv.mis-amigos-los-arboles.org\\\/fr\\\/une-nouvelle-association-rejoint-le-reseau-des-pepinieres-impulso-verde-lassociation-indigene-de-la-femme-entrepreneure\\\/\",\"name\":\"Une nouvelle association rejoint le r\u00e9seau des p\u00e9pini\u00e8res Impulso Verde : L\u2019Association indig\u00e8ne de la Femme Entrepreneure - Impulsoverde.org - Miroir IV\",\"isPartOf\":{\"@id\":\"https:\\\/\\\/miroir-iv.mis-amigos-los-arboles.org\\\/#website\"},\"primaryImageOfPage\":{\"@id\":\"https:\\\/\\\/miroir-iv.mis-amigos-los-arboles.org\\\/fr\\\/une-nouvelle-association-rejoint-le-reseau-des-pepinieres-impulso-verde-lassociation-indigene-de-la-femme-entrepreneure\\\/#primaryimage\"},\"image\":{\"@id\":\"https:\\\/\\\/miroir-iv.mis-amigos-los-arboles.org\\\/fr\\\/une-nouvelle-association-rejoint-le-reseau-des-pepinieres-impulso-verde-lassociation-indigene-de-la-femme-entrepreneure\\\/#primaryimage\"},\"thumbnailUrl\":\"https:\\\/\\\/miroir-iv.mis-amigos-los-arboles.org\\\/wp-content\\\/uploads\\\/2023\\\/01\\\/mujer_emprendedora-07.jpg\",\"datePublished\":\"2020-02-12T14:55:14+00:00\",\"dateModified\":\"2023-02-07T13:59:15+00:00\",\"author\":{\"@id\":\"https:\\\/\\\/miroir-iv.mis-amigos-los-arboles.org\\\/#\\\/schema\\\/person\\\/72f82eb703c4fc2c21440d093fd820dd\"},\"description\":\"L\u2019Association de la Femme Entrepreneure (Asociaci\u00f3n ind\u00edgena de la Mujer Emprendedora) est install\u00e9e dans la municipalit\u00e9 de Cumbal. 45 femmes forment l\u2019association et sont, pour la majorit\u00e9, originaires des zones rurales touch\u00e9es par les conflits arm\u00e9s pass\u00e9s.\",\"breadcrumb\":{\"@id\":\"https:\\\/\\\/miroir-iv.mis-amigos-los-arboles.org\\\/fr\\\/une-nouvelle-association-rejoint-le-reseau-des-pepinieres-impulso-verde-lassociation-indigene-de-la-femme-entrepreneure\\\/#breadcrumb\"},\"inLanguage\":\"fr-FR\",\"potentialAction\":[{\"@type\":\"ReadAction\",\"target\":[\"https:\\\/\\\/miroir-iv.mis-amigos-los-arboles.org\\\/fr\\\/une-nouvelle-association-rejoint-le-reseau-des-pepinieres-impulso-verde-lassociation-indigene-de-la-femme-entrepreneure\\\/\"]}]},{\"@type\":\"ImageObject\",\"inLanguage\":\"fr-FR\",\"@id\":\"https:\\\/\\\/miroir-iv.mis-amigos-los-arboles.org\\\/fr\\\/une-nouvelle-association-rejoint-le-reseau-des-pepinieres-impulso-verde-lassociation-indigene-de-la-femme-entrepreneure\\\/#primaryimage\",\"url\":\"https:\\\/\\\/miroir-iv.mis-amigos-los-arboles.org\\\/wp-content\\\/uploads\\\/2023\\\/01\\\/mujer_emprendedora-07.jpg\",\"contentUrl\":\"https:\\\/\\\/miroir-iv.mis-amigos-los-arboles.org\\\/wp-content\\\/uploads\\\/2023\\\/01\\\/mujer_emprendedora-07.jpg\",\"width\":780,\"height\":1040},{\"@type\":\"BreadcrumbList\",\"@id\":\"https:\\\/\\\/miroir-iv.mis-amigos-los-arboles.org\\\/fr\\\/une-nouvelle-association-rejoint-le-reseau-des-pepinieres-impulso-verde-lassociation-indigene-de-la-femme-entrepreneure\\\/#breadcrumb\",\"itemListElement\":[{\"@type\":\"ListItem\",\"position\":1,\"name\":\"Portada\",\"item\":\"https:\\\/\\\/miroir-iv.mis-amigos-los-arboles.org\\\/fr\\\/la-fondation\\\/\"},{\"@type\":\"ListItem\",\"position\":2,\"name\":\"Une nouvelle association rejoint le r\u00e9seau des p\u00e9pini\u00e8res Impulso Verde : L\u2019Association indig\u00e8ne de la Femme Entrepreneure\"}]},{\"@type\":\"WebSite\",\"@id\":\"https:\\\/\\\/miroir-iv.mis-amigos-los-arboles.org\\\/#website\",\"url\":\"https:\\\/\\\/miroir-iv.mis-amigos-los-arboles.org\\\/\",\"name\":\"Impulsoverde.org - Miroir IV\",\"description\":\"Site miroir -Impulsoverde.org \",\"potentialAction\":[{\"@type\":\"SearchAction\",\"target\":{\"@type\":\"EntryPoint\",\"urlTemplate\":\"https:\\\/\\\/miroir-iv.mis-amigos-los-arboles.org\\\/?s={search_term_string}\"},\"query-input\":{\"@type\":\"PropertyValueSpecification\",\"valueRequired\":true,\"valueName\":\"search_term_string\"}}],\"inLanguage\":\"fr-FR\"},{\"@type\":\"Person\",\"@id\":\"https:\\\/\\\/miroir-iv.mis-amigos-los-arboles.org\\\/#\\\/schema\\\/person\\\/72f82eb703c4fc2c21440d093fd820dd\",\"name\":\"M@ster_1mpuls10n_glac3-0o7\",\"sameAs\":[\"https:\\\/\\\/miroir-iv.mis-amigos-los-arboles.org\"],\"url\":\"https:\\\/\\\/miroir-iv.mis-amigos-los-arboles.org\\\/fr\\\/author\\\/mster_1mpuls10n_glac3-0o7\\\/\"}]}<\/script>\n<!-- \/ Yoast SEO plugin. -->","yoast_head_json":{"title":"Une nouvelle association rejoint le r\u00e9seau des p\u00e9pini\u00e8res Impulso Verde : L\u2019Association indig\u00e8ne de la Femme Entrepreneure - Impulsoverde.org - Miroir IV","description":"L\u2019Association de la Femme Entrepreneure (Asociaci\u00f3n ind\u00edgena de la Mujer Emprendedora) est install\u00e9e dans la municipalit\u00e9 de Cumbal. 45 femmes forment l\u2019association et sont, pour la majorit\u00e9, originaires des zones rurales touch\u00e9es par les conflits arm\u00e9s pass\u00e9s.","robots":{"index":"noindex","follow":"follow","max-snippet":"max-snippet:-1","max-image-preview":"max-image-preview:large","max-video-preview":"max-video-preview:-1"},"og_locale":"fr_FR","og_type":"article","og_title":"Une nouvelle association rejoint le r\u00e9seau des p\u00e9pini\u00e8res Impulso Verde : L\u2019Association indig\u00e8ne de la Femme Entrepreneure - Impulsoverde.org - Miroir IV","og_description":"L\u2019Association de la Femme Entrepreneure (Asociaci\u00f3n ind\u00edgena de la Mujer Emprendedora) est install\u00e9e dans la municipalit\u00e9 de Cumbal. 45 femmes forment l\u2019association et sont, pour la majorit\u00e9, originaires des zones rurales touch\u00e9es par les conflits arm\u00e9s pass\u00e9s.","og_url":"https:\/\/miroir-iv.mis-amigos-los-arboles.org\/fr\/une-nouvelle-association-rejoint-le-reseau-des-pepinieres-impulso-verde-lassociation-indigene-de-la-femme-entrepreneure\/","og_site_name":"Impulsoverde.org - Miroir IV","article_published_time":"2020-02-12T14:55:14+00:00","article_modified_time":"2023-02-07T13:59:15+00:00","og_image":[{"width":780,"height":1040,"url":"https:\/\/miroir-iv.mis-amigos-los-arboles.org\/wp-content\/uploads\/2023\/01\/mujer_emprendedora-07.jpg","type":"image\/jpeg"}],"author":"M@ster_1mpuls10n_glac3-0o7","twitter_card":"summary_large_image","twitter_misc":{"\u00c9crit par":"M@ster_1mpuls10n_glac3-0o7","Dur\u00e9e de lecture estim\u00e9e":"2 minutes"},"schema":{"@context":"https:\/\/schema.org","@graph":[{"@type":"Article","@id":"https:\/\/miroir-iv.mis-amigos-los-arboles.org\/fr\/une-nouvelle-association-rejoint-le-reseau-des-pepinieres-impulso-verde-lassociation-indigene-de-la-femme-entrepreneure\/#article","isPartOf":{"@id":"https:\/\/miroir-iv.mis-amigos-los-arboles.org\/fr\/une-nouvelle-association-rejoint-le-reseau-des-pepinieres-impulso-verde-lassociation-indigene-de-la-femme-entrepreneure\/"},"author":{"name":"M@ster_1mpuls10n_glac3-0o7","@id":"https:\/\/miroir-iv.mis-amigos-los-arboles.org\/#\/schema\/person\/72f82eb703c4fc2c21440d093fd820dd"},"headline":"Une nouvelle association rejoint le r\u00e9seau des p\u00e9pini\u00e8res Impulso Verde : L\u2019Association indig\u00e8ne de la Femme Entrepreneure","datePublished":"2020-02-12T14:55:14+00:00","dateModified":"2023-02-07T13:59:15+00:00","mainEntityOfPage":{"@id":"https:\/\/miroir-iv.mis-amigos-los-arboles.org\/fr\/une-nouvelle-association-rejoint-le-reseau-des-pepinieres-impulso-verde-lassociation-indigene-de-la-femme-entrepreneure\/"},"wordCount":545,"image":{"@id":"https:\/\/miroir-iv.mis-amigos-los-arboles.org\/fr\/une-nouvelle-association-rejoint-le-reseau-des-pepinieres-impulso-verde-lassociation-indigene-de-la-femme-entrepreneure\/#primaryimage"},"thumbnailUrl":"https:\/\/miroir-iv.mis-amigos-los-arboles.org\/wp-content\/uploads\/2023\/01\/mujer_emprendedora-07.jpg","articleSection":["Ressources"],"inLanguage":"fr-FR"},{"@type":"WebPage","@id":"https:\/\/miroir-iv.mis-amigos-los-arboles.org\/fr\/une-nouvelle-association-rejoint-le-reseau-des-pepinieres-impulso-verde-lassociation-indigene-de-la-femme-entrepreneure\/","url":"https:\/\/miroir-iv.mis-amigos-los-arboles.org\/fr\/une-nouvelle-association-rejoint-le-reseau-des-pepinieres-impulso-verde-lassociation-indigene-de-la-femme-entrepreneure\/","name":"Une nouvelle association rejoint le r\u00e9seau des p\u00e9pini\u00e8res Impulso Verde : L\u2019Association indig\u00e8ne de la Femme Entrepreneure - Impulsoverde.org - Miroir IV","isPartOf":{"@id":"https:\/\/miroir-iv.mis-amigos-los-arboles.org\/#website"},"primaryImageOfPage":{"@id":"https:\/\/miroir-iv.mis-amigos-los-arboles.org\/fr\/une-nouvelle-association-rejoint-le-reseau-des-pepinieres-impulso-verde-lassociation-indigene-de-la-femme-entrepreneure\/#primaryimage"},"image":{"@id":"https:\/\/miroir-iv.mis-amigos-los-arboles.org\/fr\/une-nouvelle-association-rejoint-le-reseau-des-pepinieres-impulso-verde-lassociation-indigene-de-la-femme-entrepreneure\/#primaryimage"},"thumbnailUrl":"https:\/\/miroir-iv.mis-amigos-los-arboles.org\/wp-content\/uploads\/2023\/01\/mujer_emprendedora-07.jpg","datePublished":"2020-02-12T14:55:14+00:00","dateModified":"2023-02-07T13:59:15+00:00","author":{"@id":"https:\/\/miroir-iv.mis-amigos-los-arboles.org\/#\/schema\/person\/72f82eb703c4fc2c21440d093fd820dd"},"description":"L\u2019Association de la Femme Entrepreneure (Asociaci\u00f3n ind\u00edgena de la Mujer Emprendedora) est install\u00e9e dans la municipalit\u00e9 de Cumbal. 45 femmes forment l\u2019association et sont, pour la majorit\u00e9, originaires des zones rurales touch\u00e9es par les conflits arm\u00e9s pass\u00e9s.","breadcrumb":{"@id":"https:\/\/miroir-iv.mis-amigos-los-arboles.org\/fr\/une-nouvelle-association-rejoint-le-reseau-des-pepinieres-impulso-verde-lassociation-indigene-de-la-femme-entrepreneure\/#breadcrumb"},"inLanguage":"fr-FR","potentialAction":[{"@type":"ReadAction","target":["https:\/\/miroir-iv.mis-amigos-los-arboles.org\/fr\/une-nouvelle-association-rejoint-le-reseau-des-pepinieres-impulso-verde-lassociation-indigene-de-la-femme-entrepreneure\/"]}]},{"@type":"ImageObject","inLanguage":"fr-FR","@id":"https:\/\/miroir-iv.mis-amigos-los-arboles.org\/fr\/une-nouvelle-association-rejoint-le-reseau-des-pepinieres-impulso-verde-lassociation-indigene-de-la-femme-entrepreneure\/#primaryimage","url":"https:\/\/miroir-iv.mis-amigos-los-arboles.org\/wp-content\/uploads\/2023\/01\/mujer_emprendedora-07.jpg","contentUrl":"https:\/\/miroir-iv.mis-amigos-los-arboles.org\/wp-content\/uploads\/2023\/01\/mujer_emprendedora-07.jpg","width":780,"height":1040},{"@type":"BreadcrumbList","@id":"https:\/\/miroir-iv.mis-amigos-los-arboles.org\/fr\/une-nouvelle-association-rejoint-le-reseau-des-pepinieres-impulso-verde-lassociation-indigene-de-la-femme-entrepreneure\/#breadcrumb","itemListElement":[{"@type":"ListItem","position":1,"name":"Portada","item":"https:\/\/miroir-iv.mis-amigos-los-arboles.org\/fr\/la-fondation\/"},{"@type":"ListItem","position":2,"name":"Une nouvelle association rejoint le r\u00e9seau des p\u00e9pini\u00e8res Impulso Verde : L\u2019Association indig\u00e8ne de la Femme Entrepreneure"}]},{"@type":"WebSite","@id":"https:\/\/miroir-iv.mis-amigos-los-arboles.org\/#website","url":"https:\/\/miroir-iv.mis-amigos-los-arboles.org\/","name":"Impulsoverde.org - Miroir IV","description":"Site miroir -Impulsoverde.org ","potentialAction":[{"@type":"SearchAction","target":{"@type":"EntryPoint","urlTemplate":"https:\/\/miroir-iv.mis-amigos-los-arboles.org\/?s={search_term_string}"},"query-input":{"@type":"PropertyValueSpecification","valueRequired":true,"valueName":"search_term_string"}}],"inLanguage":"fr-FR"},{"@type":"Person","@id":"https:\/\/miroir-iv.mis-amigos-los-arboles.org\/#\/schema\/person\/72f82eb703c4fc2c21440d093fd820dd","name":"M@ster_1mpuls10n_glac3-0o7","sameAs":["https:\/\/miroir-iv.mis-amigos-los-arboles.org"],"url":"https:\/\/miroir-iv.mis-amigos-los-arboles.org\/fr\/author\/mster_1mpuls10n_glac3-0o7\/"}]}},"_links":{"self":[{"href":"https:\/\/miroir-iv.mis-amigos-los-arboles.org\/fr\/wp-json\/wp\/v2\/posts\/13675","targetHints":{"allow":["GET"]}}],"collection":[{"href":"https:\/\/miroir-iv.mis-amigos-los-arboles.org\/fr\/wp-json\/wp\/v2\/posts"}],"about":[{"href":"https:\/\/miroir-iv.mis-amigos-los-arboles.org\/fr\/wp-json\/wp\/v2\/types\/post"}],"author":[{"embeddable":true,"href":"https:\/\/miroir-iv.mis-amigos-los-arboles.org\/fr\/wp-json\/wp\/v2\/users\/1"}],"replies":[{"embeddable":true,"href":"https:\/\/miroir-iv.mis-amigos-los-arboles.org\/fr\/wp-json\/wp\/v2\/comments?post=13675"}],"version-history":[{"count":7,"href":"https:\/\/miroir-iv.mis-amigos-los-arboles.org\/fr\/wp-json\/wp\/v2\/posts\/13675\/revisions"}],"predecessor-version":[{"id":13697,"href":"https:\/\/miroir-iv.mis-amigos-los-arboles.org\/fr\/wp-json\/wp\/v2\/posts\/13675\/revisions\/13697"}],"wp:featuredmedia":[{"embeddable":true,"href":"https:\/\/miroir-iv.mis-amigos-los-arboles.org\/fr\/wp-json\/wp\/v2\/media\/12898"}],"wp:attachment":[{"href":"https:\/\/miroir-iv.mis-amigos-los-arboles.org\/fr\/wp-json\/wp\/v2\/media?parent=13675"}],"wp:term":[{"taxonomy":"category","embeddable":true,"href":"https:\/\/miroir-iv.mis-amigos-los-arboles.org\/fr\/wp-json\/wp\/v2\/categories?post=13675"},{"taxonomy":"post_tag","embeddable":true,"href":"https:\/\/miroir-iv.mis-amigos-los-arboles.org\/fr\/wp-json\/wp\/v2\/tags?post=13675"}],"curies":[{"name":"wp","href":"https:\/\/api.w.org\/{rel}","templated":true}]}}