{"id":13663,"date":"2020-05-20T16:05:41","date_gmt":"2020-05-20T14:05:41","guid":{"rendered":"https:\/\/miroir-iv.mis-amigos-los-arboles.org\/journee-mondiale-des-abeilles-20-mai\/"},"modified":"2023-02-07T14:57:45","modified_gmt":"2023-02-07T13:57:45","slug":"journee-mondiale-des-abeilles-20-mai","status":"publish","type":"post","link":"https:\/\/miroir-iv.mis-amigos-los-arboles.org\/fr\/journee-mondiale-des-abeilles-20-mai\/","title":{"rendered":"Journ\u00e9e mondiale des abeilles \u2013 20 mai"},"content":{"rendered":"<div class=\"wpb-content-wrapper\"><p>[vc_row gap=\u00a0\u00bb35&Prime; bg_type=\u00a0\u00bbbg_color\u00a0\u00bb bg_override=\u00a0\u00bbex-full\u00a0\u00bb bg_color_value=\u00a0\u00bb#056e04&Prime;][vc_column][vc_empty_space height=\u00a0\u00bb15px\u00a0\u00bb]<style type=\"text\/css\" data-type=\"the7_shortcodes-inline-css\">#default-btn-a84e895ec2cf864e30eb6254639d4c02 {\n  font-size: 14px;\n  line-height: 16px;\n  padding: 4px 0px 4px 0px;\n}\n#default-btn-a84e895ec2cf864e30eb6254639d4c02.ico-right-side > i {\n  margin-right: 0px;\n  margin-left: 8px;\n}\n#default-btn-a84e895ec2cf864e30eb6254639d4c02:after {\n  height: 2px;\n  background: #ffffff !important;\n}\n#default-btn-a84e895ec2cf864e30eb6254639d4c02 > i {\n  margin-right: 8px;\n  font-size: 14px;\n}\n#default-btn-a84e895ec2cf864e30eb6254639d4c02:not(:hover),\n#default-btn-a84e895ec2cf864e30eb6254639d4c02.link-hover-off:hover {\n  color: #ffffff;\n  background: none;\n}\n#default-btn-a84e895ec2cf864e30eb6254639d4c02:not(:hover) *,\n#default-btn-a84e895ec2cf864e30eb6254639d4c02.link-hover-off:hover * {\n  color: #ffffff;\n  background: none;\n}\n#default-btn-a84e895ec2cf864e30eb6254639d4c02:not(.link-hover-off):hover {\n  color: #ffffff;\n  background: none;\n}\n#default-btn-a84e895ec2cf864e30eb6254639d4c02:not(.link-hover-off):hover * {\n  color: #ffffff;\n  background: none;\n}\n#default-btn-a84e895ec2cf864e30eb6254639d4c02.ico-right-side > i {\n  margin-right: 0px;\n  margin-left: 8px;\n}\n#default-btn-a84e895ec2cf864e30eb6254639d4c02 > i {\n  margin-right: 8px;\n}\n<\/style><div class=\"btn-align-center\"><a href=\"https:\/\/miroir-iv.mis-amigos-los-arboles.org\/fr\/actualites\/\" class=\"default-btn-shortcode dt-btn-link upwards-line \" id=\"default-btn-a84e895ec2cf864e30eb6254639d4c02\" title=\"Ver todas las noticias\"><i class=\"dt-icon-the7-misc-099\"><\/i><span>Voir toutes les actualit\u00e9s<\/span><\/a><\/div>[\/vc_column][\/vc_row][vc_row gap=\u00a0\u00bb3&Prime;][vc_column][vc_single_image image=\u00a0\u00bb11754&Prime; img_size=\u00a0\u00bblarge\u00a0\u00bb alignment=\u00a0\u00bbcenter\u00a0\u00bb image_hovers=\u00a0\u00bbfalse\u00a0\u00bb][vc_empty_space height=\u00a0\u00bb30px\u00a0\u00bb][vc_column_text]<\/p>\n<h2 style=\"text-align: center;\"><span style=\"color: #056e04;\">Journ\u00e9e mondiale des abeilles \u2013 20 mai<\/span><\/h2>\n<p>[\/vc_column_text][vc_empty_space height=\u00a0\u00bb30px\u00a0\u00bb][\/vc_column][\/vc_row][vc_row gap=\u00a0\u00bb35&Prime; content_placement=\u00a0\u00bbmiddle\u00a0\u00bb][vc_column width=\u00a0\u00bb1\/3&Prime;][vc_single_image image=\u00a0\u00bb12836&Prime; img_size=\u00a0\u00bblarge\u00a0\u00bb alignment=\u00a0\u00bbcenter\u00a0\u00bb][vc_empty_space height=\u00a0\u00bb20px\u00a0\u00bb][\/vc_column][vc_column width=\u00a0\u00bb2\/3&Prime;][vc_column_text]<\/p>\n<p style=\"text-align: justify;\">Jour mondial des abeilles En 2018, le 20 mai a \u00e9t\u00e9 d\u00e9clar\u00e9 Journ\u00e9e mondiale des abeilles par les Nations Unies. Cette journ\u00e9e r\u00e9affirme l\u2019engagement des Objectifs de D\u00e9veloppement Durable (ODD) pris en 2015, et en particulier, l\u2019ODD 15 \u201cVie terrestre\u201d.<\/p>\n<p style=\"text-align: justify;\">La Fundaci\u00f3n Impulso Verde se compromete con la protecci\u00f3n de las abejas desarrollando un proyecto ap\u00edcola con las comunidades ind\u00edgenas y campesinas en la regi\u00f3n de los Andes colombianos.<\/p>\n<p>[\/vc_column_text][\/vc_column][\/vc_row][vc_row gap=\u00a0\u00bb35&Prime;][vc_column][vc_empty_space height=\u00a0\u00bb25px\u00a0\u00bb][vc_column_text]<\/p>\n<p style=\"text-align: left;\">Apprenez-en davantage sur les abeilles :<\/p>\n<p>[\/vc_column_text][vc_empty_space height=\u00a0\u00bb25px\u00a0\u00bb][vc_row_inner content_placement=\u00a0\u00bbmiddle\u00a0\u00bb gap=\u00a0\u00bb35&Prime;][vc_column_inner width=\u00a0\u00bb1\/6&Prime;][\/vc_column_inner][vc_column_inner width=\u00a0\u00bb2\/3&Prime;]<div class=\"standard-arrow bullet-top\"><ul>\n<li>Les abeilles contribuent \u00e0 la pollinisation de plus de 170000 esp\u00e8ces de plantes.<\/li>\n<li>Pour produire 1 kg de miel, les abeilles doivent butiner 4 millions de fleurs et faire une distance \u00e9quivalente \u00e0 4 fois le tour de la Terre.<\/li>\n<li>12 abeilles ont la capacit\u00e9 de produire 1 petite cuill\u00e8re de miel tout au long de leur vie.<\/li>\n<\/ul>\n<\/div>[\/vc_column_inner][vc_column_inner width=\u00a0\u00bb1\/6&Prime;][\/vc_column_inner][\/vc_row_inner][vc_empty_space height=\u00a0\u00bb25px\u00a0\u00bb][\/vc_column][\/vc_row][vc_row gap=\u00a0\u00bb35&Prime; content_placement=\u00a0\u00bbtop\u00a0\u00bb][vc_column][vc_column_text]<\/p>\n<h2 style=\"text-align: center;\"><span style=\"color: #056e04;\">Tout le monde d\u00e9pend des abeilles !<\/span><\/h2>\n<p>&nbsp;<\/p>\n<p style=\"text-align: center;\">La vid\u00e9o propos\u00e9e par l\u2019ONU l\u2019explique tr\u00e8s bien :<\/p>\n<p>[\/vc_column_text][vc_empty_space height=\u00a0\u00bb25px\u00a0\u00bb][vc_video link=\u00a0\u00bbhttps:\/\/www.youtube.com\/watch?time_continue=58&amp;v=yHrGpcK2qfc&amp;feature=emb_logo\u00a0\u00bb el_width=\u00a0\u00bb80&Prime; align=\u00a0\u00bbcenter\u00a0\u00bb][vc_empty_space height=\u00a0\u00bb35px\u00a0\u00bb][\/vc_column][\/vc_row]<\/p>\n<\/div>","protected":false},"excerpt":{"rendered":"<p>Jour mondial des abeilles En 2018, le 20 mai a \u00e9t\u00e9 d\u00e9clar\u00e9 Journ\u00e9e mondiale des abeilles par les Nations Unies. Cette journ\u00e9e r\u00e9affirme l\u2019engagement des Objectifs de D\u00e9veloppement Durable (ODD) pris en 2015, et en particulier, l\u2019ODD 15 \u201cVie terrestre\u201d.<\/p>\n","protected":false},"author":1,"featured_media":12839,"comment_status":"closed","ping_status":"closed","sticky":false,"template":"","format":"standard","meta":{"footnotes":""},"categories":[56],"tags":[],"class_list":["post-13663","post","type-post","status-publish","format-standard","has-post-thumbnail","hentry","category-ressources","category-56","description-off"],"yoast_head":"<!-- This site is optimized with the Yoast SEO plugin v27.5 - https:\/\/yoast.com\/product\/yoast-seo-wordpress\/ -->\n<title>Journ\u00e9e mondiale des abeilles \u2013 20 mai - Impulsoverde.org - Miroir IV<\/title>\n<meta name=\"description\" content=\"Jour mondial des abeilles En 2018, le 20 mai a \u00e9t\u00e9 d\u00e9clar\u00e9 Journ\u00e9e mondiale des abeilles par les Nations Unies. Cette journ\u00e9e r\u00e9affirme l\u2019engagement des Objectifs de D\u00e9veloppement Durable (ODD) pris en 2015, et en particulier, l\u2019ODD 15 \u201cVie terrestre\u201d.\" \/>\n<meta name=\"robots\" content=\"noindex, follow, max-snippet:-1, max-image-preview:large, max-video-preview:-1\" \/>\n<meta property=\"og:locale\" content=\"fr_FR\" \/>\n<meta property=\"og:type\" content=\"article\" \/>\n<meta property=\"og:title\" content=\"Journ\u00e9e mondiale des abeilles \u2013 20 mai - Impulsoverde.org - Miroir IV\" \/>\n<meta property=\"og:description\" content=\"Jour mondial des abeilles En 2018, le 20 mai a \u00e9t\u00e9 d\u00e9clar\u00e9 Journ\u00e9e mondiale des abeilles par les Nations Unies. Cette journ\u00e9e r\u00e9affirme l\u2019engagement des Objectifs de D\u00e9veloppement Durable (ODD) pris en 2015, et en particulier, l\u2019ODD 15 \u201cVie terrestre\u201d.\" \/>\n<meta property=\"og:url\" content=\"https:\/\/miroir-iv.mis-amigos-los-arboles.org\/fr\/journee-mondiale-des-abeilles-20-mai\/\" \/>\n<meta property=\"og:site_name\" content=\"Impulsoverde.org - Miroir IV\" \/>\n<meta property=\"article:published_time\" content=\"2020-05-20T14:05:41+00:00\" \/>\n<meta property=\"article:modified_time\" content=\"2023-02-07T13:57:45+00:00\" \/>\n<meta property=\"og:image\" content=\"https:\/\/miroir-iv.mis-amigos-los-arboles.org\/wp-content\/uploads\/2020\/05\/abejas.jpg\" \/>\n\t<meta property=\"og:image:width\" content=\"2000\" \/>\n\t<meta property=\"og:image:height\" content=\"1343\" \/>\n\t<meta property=\"og:image:type\" content=\"image\/jpeg\" \/>\n<meta name=\"author\" content=\"M@ster_1mpuls10n_glac3-0o7\" \/>\n<meta name=\"twitter:card\" content=\"summary_large_image\" \/>\n<meta name=\"twitter:label1\" content=\"\u00c9crit par\" \/>\n\t<meta name=\"twitter:data1\" content=\"M@ster_1mpuls10n_glac3-0o7\" \/>\n\t<meta name=\"twitter:label2\" content=\"Dur\u00e9e de lecture estim\u00e9e\" \/>\n\t<meta name=\"twitter:data2\" content=\"1 minute\" \/>\n<script type=\"application\/ld+json\" class=\"yoast-schema-graph\">{\"@context\":\"https:\\\/\\\/schema.org\",\"@graph\":[{\"@type\":\"Article\",\"@id\":\"https:\\\/\\\/miroir-iv.mis-amigos-los-arboles.org\\\/fr\\\/journee-mondiale-des-abeilles-20-mai\\\/#article\",\"isPartOf\":{\"@id\":\"https:\\\/\\\/miroir-iv.mis-amigos-los-arboles.org\\\/fr\\\/journee-mondiale-des-abeilles-20-mai\\\/\"},\"author\":{\"name\":\"M@ster_1mpuls10n_glac3-0o7\",\"@id\":\"https:\\\/\\\/miroir-iv.mis-amigos-los-arboles.org\\\/#\\\/schema\\\/person\\\/72f82eb703c4fc2c21440d093fd820dd\"},\"headline\":\"Journ\u00e9e mondiale des abeilles \u2013 20 mai\",\"datePublished\":\"2020-05-20T14:05:41+00:00\",\"dateModified\":\"2023-02-07T13:57:45+00:00\",\"mainEntityOfPage\":{\"@id\":\"https:\\\/\\\/miroir-iv.mis-amigos-los-arboles.org\\\/fr\\\/journee-mondiale-des-abeilles-20-mai\\\/\"},\"wordCount\":452,\"image\":{\"@id\":\"https:\\\/\\\/miroir-iv.mis-amigos-los-arboles.org\\\/fr\\\/journee-mondiale-des-abeilles-20-mai\\\/#primaryimage\"},\"thumbnailUrl\":\"https:\\\/\\\/miroir-iv.mis-amigos-los-arboles.org\\\/wp-content\\\/uploads\\\/2020\\\/05\\\/abejas.jpg\",\"articleSection\":[\"Ressources\"],\"inLanguage\":\"fr-FR\"},{\"@type\":\"WebPage\",\"@id\":\"https:\\\/\\\/miroir-iv.mis-amigos-los-arboles.org\\\/fr\\\/journee-mondiale-des-abeilles-20-mai\\\/\",\"url\":\"https:\\\/\\\/miroir-iv.mis-amigos-los-arboles.org\\\/fr\\\/journee-mondiale-des-abeilles-20-mai\\\/\",\"name\":\"Journ\u00e9e mondiale des abeilles \u2013 20 mai - Impulsoverde.org - Miroir IV\",\"isPartOf\":{\"@id\":\"https:\\\/\\\/miroir-iv.mis-amigos-los-arboles.org\\\/#website\"},\"primaryImageOfPage\":{\"@id\":\"https:\\\/\\\/miroir-iv.mis-amigos-los-arboles.org\\\/fr\\\/journee-mondiale-des-abeilles-20-mai\\\/#primaryimage\"},\"image\":{\"@id\":\"https:\\\/\\\/miroir-iv.mis-amigos-los-arboles.org\\\/fr\\\/journee-mondiale-des-abeilles-20-mai\\\/#primaryimage\"},\"thumbnailUrl\":\"https:\\\/\\\/miroir-iv.mis-amigos-los-arboles.org\\\/wp-content\\\/uploads\\\/2020\\\/05\\\/abejas.jpg\",\"datePublished\":\"2020-05-20T14:05:41+00:00\",\"dateModified\":\"2023-02-07T13:57:45+00:00\",\"author\":{\"@id\":\"https:\\\/\\\/miroir-iv.mis-amigos-los-arboles.org\\\/#\\\/schema\\\/person\\\/72f82eb703c4fc2c21440d093fd820dd\"},\"description\":\"Jour mondial des abeilles En 2018, le 20 mai a \u00e9t\u00e9 d\u00e9clar\u00e9 Journ\u00e9e mondiale des abeilles par les Nations Unies. Cette journ\u00e9e r\u00e9affirme l\u2019engagement des Objectifs de D\u00e9veloppement Durable (ODD) pris en 2015, et en particulier, l\u2019ODD 15 \u201cVie terrestre\u201d.\",\"breadcrumb\":{\"@id\":\"https:\\\/\\\/miroir-iv.mis-amigos-los-arboles.org\\\/fr\\\/journee-mondiale-des-abeilles-20-mai\\\/#breadcrumb\"},\"inLanguage\":\"fr-FR\",\"potentialAction\":[{\"@type\":\"ReadAction\",\"target\":[\"https:\\\/\\\/miroir-iv.mis-amigos-los-arboles.org\\\/fr\\\/journee-mondiale-des-abeilles-20-mai\\\/\"]}]},{\"@type\":\"ImageObject\",\"inLanguage\":\"fr-FR\",\"@id\":\"https:\\\/\\\/miroir-iv.mis-amigos-los-arboles.org\\\/fr\\\/journee-mondiale-des-abeilles-20-mai\\\/#primaryimage\",\"url\":\"https:\\\/\\\/miroir-iv.mis-amigos-los-arboles.org\\\/wp-content\\\/uploads\\\/2020\\\/05\\\/abejas.jpg\",\"contentUrl\":\"https:\\\/\\\/miroir-iv.mis-amigos-los-arboles.org\\\/wp-content\\\/uploads\\\/2020\\\/05\\\/abejas.jpg\",\"width\":2000,\"height\":1343},{\"@type\":\"BreadcrumbList\",\"@id\":\"https:\\\/\\\/miroir-iv.mis-amigos-los-arboles.org\\\/fr\\\/journee-mondiale-des-abeilles-20-mai\\\/#breadcrumb\",\"itemListElement\":[{\"@type\":\"ListItem\",\"position\":1,\"name\":\"Portada\",\"item\":\"https:\\\/\\\/miroir-iv.mis-amigos-los-arboles.org\\\/fr\\\/la-fondation\\\/\"},{\"@type\":\"ListItem\",\"position\":2,\"name\":\"Journ\u00e9e mondiale des abeilles \u2013 20 mai\"}]},{\"@type\":\"WebSite\",\"@id\":\"https:\\\/\\\/miroir-iv.mis-amigos-los-arboles.org\\\/#website\",\"url\":\"https:\\\/\\\/miroir-iv.mis-amigos-los-arboles.org\\\/\",\"name\":\"Impulsoverde.org - Miroir IV\",\"description\":\"Site miroir -Impulsoverde.org \",\"potentialAction\":[{\"@type\":\"SearchAction\",\"target\":{\"@type\":\"EntryPoint\",\"urlTemplate\":\"https:\\\/\\\/miroir-iv.mis-amigos-los-arboles.org\\\/?s={search_term_string}\"},\"query-input\":{\"@type\":\"PropertyValueSpecification\",\"valueRequired\":true,\"valueName\":\"search_term_string\"}}],\"inLanguage\":\"fr-FR\"},{\"@type\":\"Person\",\"@id\":\"https:\\\/\\\/miroir-iv.mis-amigos-los-arboles.org\\\/#\\\/schema\\\/person\\\/72f82eb703c4fc2c21440d093fd820dd\",\"name\":\"M@ster_1mpuls10n_glac3-0o7\",\"sameAs\":[\"https:\\\/\\\/miroir-iv.mis-amigos-los-arboles.org\"],\"url\":\"https:\\\/\\\/miroir-iv.mis-amigos-los-arboles.org\\\/fr\\\/author\\\/mster_1mpuls10n_glac3-0o7\\\/\"}]}<\/script>\n<!-- \/ Yoast SEO plugin. -->","yoast_head_json":{"title":"Journ\u00e9e mondiale des abeilles \u2013 20 mai - Impulsoverde.org - Miroir IV","description":"Jour mondial des abeilles En 2018, le 20 mai a \u00e9t\u00e9 d\u00e9clar\u00e9 Journ\u00e9e mondiale des abeilles par les Nations Unies. Cette journ\u00e9e r\u00e9affirme l\u2019engagement des Objectifs de D\u00e9veloppement Durable (ODD) pris en 2015, et en particulier, l\u2019ODD 15 \u201cVie terrestre\u201d.","robots":{"index":"noindex","follow":"follow","max-snippet":"max-snippet:-1","max-image-preview":"max-image-preview:large","max-video-preview":"max-video-preview:-1"},"og_locale":"fr_FR","og_type":"article","og_title":"Journ\u00e9e mondiale des abeilles \u2013 20 mai - Impulsoverde.org - Miroir IV","og_description":"Jour mondial des abeilles En 2018, le 20 mai a \u00e9t\u00e9 d\u00e9clar\u00e9 Journ\u00e9e mondiale des abeilles par les Nations Unies. Cette journ\u00e9e r\u00e9affirme l\u2019engagement des Objectifs de D\u00e9veloppement Durable (ODD) pris en 2015, et en particulier, l\u2019ODD 15 \u201cVie terrestre\u201d.","og_url":"https:\/\/miroir-iv.mis-amigos-los-arboles.org\/fr\/journee-mondiale-des-abeilles-20-mai\/","og_site_name":"Impulsoverde.org - Miroir IV","article_published_time":"2020-05-20T14:05:41+00:00","article_modified_time":"2023-02-07T13:57:45+00:00","og_image":[{"width":2000,"height":1343,"url":"https:\/\/miroir-iv.mis-amigos-los-arboles.org\/wp-content\/uploads\/2020\/05\/abejas.jpg","type":"image\/jpeg"}],"author":"M@ster_1mpuls10n_glac3-0o7","twitter_card":"summary_large_image","twitter_misc":{"\u00c9crit par":"M@ster_1mpuls10n_glac3-0o7","Dur\u00e9e de lecture estim\u00e9e":"1 minute"},"schema":{"@context":"https:\/\/schema.org","@graph":[{"@type":"Article","@id":"https:\/\/miroir-iv.mis-amigos-los-arboles.org\/fr\/journee-mondiale-des-abeilles-20-mai\/#article","isPartOf":{"@id":"https:\/\/miroir-iv.mis-amigos-los-arboles.org\/fr\/journee-mondiale-des-abeilles-20-mai\/"},"author":{"name":"M@ster_1mpuls10n_glac3-0o7","@id":"https:\/\/miroir-iv.mis-amigos-los-arboles.org\/#\/schema\/person\/72f82eb703c4fc2c21440d093fd820dd"},"headline":"Journ\u00e9e mondiale des abeilles \u2013 20 mai","datePublished":"2020-05-20T14:05:41+00:00","dateModified":"2023-02-07T13:57:45+00:00","mainEntityOfPage":{"@id":"https:\/\/miroir-iv.mis-amigos-los-arboles.org\/fr\/journee-mondiale-des-abeilles-20-mai\/"},"wordCount":452,"image":{"@id":"https:\/\/miroir-iv.mis-amigos-los-arboles.org\/fr\/journee-mondiale-des-abeilles-20-mai\/#primaryimage"},"thumbnailUrl":"https:\/\/miroir-iv.mis-amigos-los-arboles.org\/wp-content\/uploads\/2020\/05\/abejas.jpg","articleSection":["Ressources"],"inLanguage":"fr-FR"},{"@type":"WebPage","@id":"https:\/\/miroir-iv.mis-amigos-los-arboles.org\/fr\/journee-mondiale-des-abeilles-20-mai\/","url":"https:\/\/miroir-iv.mis-amigos-los-arboles.org\/fr\/journee-mondiale-des-abeilles-20-mai\/","name":"Journ\u00e9e mondiale des abeilles \u2013 20 mai - Impulsoverde.org - Miroir IV","isPartOf":{"@id":"https:\/\/miroir-iv.mis-amigos-los-arboles.org\/#website"},"primaryImageOfPage":{"@id":"https:\/\/miroir-iv.mis-amigos-los-arboles.org\/fr\/journee-mondiale-des-abeilles-20-mai\/#primaryimage"},"image":{"@id":"https:\/\/miroir-iv.mis-amigos-los-arboles.org\/fr\/journee-mondiale-des-abeilles-20-mai\/#primaryimage"},"thumbnailUrl":"https:\/\/miroir-iv.mis-amigos-los-arboles.org\/wp-content\/uploads\/2020\/05\/abejas.jpg","datePublished":"2020-05-20T14:05:41+00:00","dateModified":"2023-02-07T13:57:45+00:00","author":{"@id":"https:\/\/miroir-iv.mis-amigos-los-arboles.org\/#\/schema\/person\/72f82eb703c4fc2c21440d093fd820dd"},"description":"Jour mondial des abeilles En 2018, le 20 mai a \u00e9t\u00e9 d\u00e9clar\u00e9 Journ\u00e9e mondiale des abeilles par les Nations Unies. Cette journ\u00e9e r\u00e9affirme l\u2019engagement des Objectifs de D\u00e9veloppement Durable (ODD) pris en 2015, et en particulier, l\u2019ODD 15 \u201cVie terrestre\u201d.","breadcrumb":{"@id":"https:\/\/miroir-iv.mis-amigos-los-arboles.org\/fr\/journee-mondiale-des-abeilles-20-mai\/#breadcrumb"},"inLanguage":"fr-FR","potentialAction":[{"@type":"ReadAction","target":["https:\/\/miroir-iv.mis-amigos-los-arboles.org\/fr\/journee-mondiale-des-abeilles-20-mai\/"]}]},{"@type":"ImageObject","inLanguage":"fr-FR","@id":"https:\/\/miroir-iv.mis-amigos-los-arboles.org\/fr\/journee-mondiale-des-abeilles-20-mai\/#primaryimage","url":"https:\/\/miroir-iv.mis-amigos-los-arboles.org\/wp-content\/uploads\/2020\/05\/abejas.jpg","contentUrl":"https:\/\/miroir-iv.mis-amigos-los-arboles.org\/wp-content\/uploads\/2020\/05\/abejas.jpg","width":2000,"height":1343},{"@type":"BreadcrumbList","@id":"https:\/\/miroir-iv.mis-amigos-los-arboles.org\/fr\/journee-mondiale-des-abeilles-20-mai\/#breadcrumb","itemListElement":[{"@type":"ListItem","position":1,"name":"Portada","item":"https:\/\/miroir-iv.mis-amigos-los-arboles.org\/fr\/la-fondation\/"},{"@type":"ListItem","position":2,"name":"Journ\u00e9e mondiale des abeilles \u2013 20 mai"}]},{"@type":"WebSite","@id":"https:\/\/miroir-iv.mis-amigos-los-arboles.org\/#website","url":"https:\/\/miroir-iv.mis-amigos-los-arboles.org\/","name":"Impulsoverde.org - Miroir IV","description":"Site miroir -Impulsoverde.org ","potentialAction":[{"@type":"SearchAction","target":{"@type":"EntryPoint","urlTemplate":"https:\/\/miroir-iv.mis-amigos-los-arboles.org\/?s={search_term_string}"},"query-input":{"@type":"PropertyValueSpecification","valueRequired":true,"valueName":"search_term_string"}}],"inLanguage":"fr-FR"},{"@type":"Person","@id":"https:\/\/miroir-iv.mis-amigos-los-arboles.org\/#\/schema\/person\/72f82eb703c4fc2c21440d093fd820dd","name":"M@ster_1mpuls10n_glac3-0o7","sameAs":["https:\/\/miroir-iv.mis-amigos-los-arboles.org"],"url":"https:\/\/miroir-iv.mis-amigos-los-arboles.org\/fr\/author\/mster_1mpuls10n_glac3-0o7\/"}]}},"_links":{"self":[{"href":"https:\/\/miroir-iv.mis-amigos-los-arboles.org\/fr\/wp-json\/wp\/v2\/posts\/13663","targetHints":{"allow":["GET"]}}],"collection":[{"href":"https:\/\/miroir-iv.mis-amigos-los-arboles.org\/fr\/wp-json\/wp\/v2\/posts"}],"about":[{"href":"https:\/\/miroir-iv.mis-amigos-los-arboles.org\/fr\/wp-json\/wp\/v2\/types\/post"}],"author":[{"embeddable":true,"href":"https:\/\/miroir-iv.mis-amigos-los-arboles.org\/fr\/wp-json\/wp\/v2\/users\/1"}],"replies":[{"embeddable":true,"href":"https:\/\/miroir-iv.mis-amigos-los-arboles.org\/fr\/wp-json\/wp\/v2\/comments?post=13663"}],"version-history":[{"count":4,"href":"https:\/\/miroir-iv.mis-amigos-los-arboles.org\/fr\/wp-json\/wp\/v2\/posts\/13663\/revisions"}],"predecessor-version":[{"id":13695,"href":"https:\/\/miroir-iv.mis-amigos-los-arboles.org\/fr\/wp-json\/wp\/v2\/posts\/13663\/revisions\/13695"}],"wp:featuredmedia":[{"embeddable":true,"href":"https:\/\/miroir-iv.mis-amigos-los-arboles.org\/fr\/wp-json\/wp\/v2\/media\/12839"}],"wp:attachment":[{"href":"https:\/\/miroir-iv.mis-amigos-los-arboles.org\/fr\/wp-json\/wp\/v2\/media?parent=13663"}],"wp:term":[{"taxonomy":"category","embeddable":true,"href":"https:\/\/miroir-iv.mis-amigos-los-arboles.org\/fr\/wp-json\/wp\/v2\/categories?post=13663"},{"taxonomy":"post_tag","embeddable":true,"href":"https:\/\/miroir-iv.mis-amigos-los-arboles.org\/fr\/wp-json\/wp\/v2\/tags?post=13663"}],"curies":[{"name":"wp","href":"https:\/\/api.w.org\/{rel}","templated":true}]}}